{"id":14583,"date":"2026-05-01T09:24:09","date_gmt":"2026-05-01T13:24:09","guid":{"rendered":"https:\/\/futurpreneur.ca\/?p=14583"},"modified":"2026-05-01T09:24:14","modified_gmt":"2026-05-01T13:24:14","slug":"celebrer-30-ans-dimpact-retour-sur-la-journee-sur-la-colline-2026-de-futurpreneur","status":"publish","type":"post","link":"https:\/\/futurpreneur.ca\/fr\/blog\/celebrer-30-ans-dimpact-retour-sur-la-journee-sur-la-colline-2026-de-futurpreneur\/","title":{"rendered":"C\u00e9l\u00e9brer 30 ans d&rsquo;impact\u202f: Retour sur la journ\u00e9e sur la colline 2026 de Futurpreneur"},"content":{"rendered":"\n<p>Quelle semaine incroyable \u00e0 Ottawa! Pour souligner le 30e anniversaire de Futurpreneur, notre \u00e9quipe, nos mentor.e.s et nos partenaires se sont r\u00e9unis dans la capitale nationale pour la journ\u00e9e sur la colline 2026. Qu&rsquo;il s&rsquo;agisse des discussions strat\u00e9giques de haut niveau lors du sommet sur l&rsquo;avenir des affaires ou des \u00e9changes constructifs avec les d\u00e9put\u00e9.e.s, l&rsquo;\u00e9nergie \u00e9tait palpable. Nous sommes ravi.e.s de vous pr\u00e9senter les moments forts de cette collaboration qui vise \u00e0 favoriser un \u00e9cosyst\u00e8me plus inclusif et prosp\u00e8re pour la prochaine g\u00e9n\u00e9ration de leaders d&rsquo;affaires du Canada.<\/p>\n\n\n\n<p><strong>Propulser la discussion : le sommet sur l&rsquo;avenir des affaires<\/strong><\/p>\n\n\n\n<p>Notre semaine a d\u00e9but\u00e9 au sommet sur l&rsquo;avenir des affaires, organis\u00e9 par nos partenaires de <a href=\"https:\/\/chamber.ca\/\" data-type=\"link\" data-id=\"https:\/\/chamber.ca\/\">la Chambre de commerce du Canada<\/a>. La cheffe de la direction de Futurpreneur, Karen Greve Young, a particip\u00e9 \u00e0 la table ronde intitul\u00e9 \u00ab Permettre aux petites entreprises de cro\u00eetre : de la vision \u00e0 l&rsquo;impact \u00bb. Lors de cette s\u00e9ance, elle a soulign\u00e9 que m\u00eame si l&rsquo;ambition entrepreneuriale ne manque pas au Canada, le d\u00e9fi consiste \u00e0 offrir les conditions id\u00e9ales pour permettre \u00e0 ces entreprises de prendre de l&rsquo;expansion. Anim\u00e9e par D\u00e9borah Cherenfant, la discussion incluait Cinzia Bazzo (Sage) et Simon Poulin (Upside Drinks).<\/p>\n\n\n\n<p><strong>Ce qu\u2019il faut retenir :<\/strong><\/p>\n\n\n\n<ul class=\"wp-block-list\">\n<li><strong>\u00c9liminer les barri\u00e8res internes : <\/strong>Pour plusieurs fondateurs.rices, leur premier march\u00e9 d&rsquo;exportation est une province voisine, mais la bureaucratie peut rendre cette \u00e9tape complexe.<\/li>\n<\/ul>\n\n\n\n<ul class=\"wp-block-list\">\n<li><strong>Le manque de mentorat strat\u00e9gique :<\/strong> Passer de la cr\u00e9ation \u00e0 la croissance n\u00e9cessite des outils diff\u00e9rents. Les fondateurs.rices ont besoin d&rsquo;acc\u00e9der \u00e0 des talents en gestion et \u00e0 des conseillers.\u00e8res d&rsquo;exp\u00e9rience qui ont d\u00e9j\u00e0 suivi ce parcours.<\/li>\n<\/ul>\n\n\n\n<p>La s\u00e9ance des premiers ministres a marqu\u00e9 un temps fort du sommet. L&rsquo;hon. Doug Ford (Ontario), l&rsquo;hon. Susan Holt (Nouveau-Brunswick), l&rsquo;hon. Rob Lantz (\u00cele-du-Prince-\u00c9douard) et l&rsquo;hon. R.J. Simpson (Territoires du Nord-Ouest) y ont abord\u00e9 l&rsquo;unit\u00e9 nationale et le commerce. Leurs \u00e9changes ont mis en lumi\u00e8re les enjeux cruciaux auxquels se heurtent les entrepreneur.e.s d&rsquo;un bout \u00e0 l&rsquo;autre du pays.<\/p>\n\n\n\n<figure class=\"wp-block-image size-large\"><img loading=\"lazy\" decoding=\"async\" width=\"1024\" height=\"596\" src=\"https:\/\/futurpreneur.ca\/wp-content\/uploads\/2026\/04\/IMG_5114-1-1-1024x596.jpg\" alt=\"\" class=\"wp-image-14584\" srcset=\"https:\/\/futurpreneur.ca\/wp-content\/uploads\/2026\/04\/IMG_5114-1-1-1024x596.jpg 1024w, https:\/\/futurpreneur.ca\/wp-content\/uploads\/2026\/04\/IMG_5114-1-1-300x175.jpg 300w, https:\/\/futurpreneur.ca\/wp-content\/uploads\/2026\/04\/IMG_5114-1-1-768x447.jpg 768w, https:\/\/futurpreneur.ca\/wp-content\/uploads\/2026\/04\/IMG_5114-1-1-1536x895.jpg 1536w, https:\/\/futurpreneur.ca\/wp-content\/uploads\/2026\/04\/IMG_5114-1-1-2048x1193.jpg 2048w\" sizes=\"auto, (max-width: 1024px) 100vw, 1024px\" \/><\/figure>\n\n\n\n<p><strong>Une soir\u00e9e de c\u00e9l\u00e9brations : notre r\u00e9ception du 30e anniversaire sur la colline<\/strong><\/p>\n\n\n\n<p>La r\u00e9ception du 30e anniversaire de Futurpreneur sur la colline, qui s&rsquo;est d\u00e9roul\u00e9e \u00e0 l&rsquo;Universit\u00e9 d&rsquo;Ottawa, a \u00e9t\u00e9 le point culminant de la semaine. L&rsquo;\u00e9v\u00e9nement \u00e9tait copr\u00e9sent\u00e9 par nos partenaires de longue date : la Banque de d\u00e9veloppement du Canada (<a href=\"https:\/\/www.bdc.ca\/en\" data-type=\"link\" data-id=\"https:\/\/www.bdc.ca\/en\">BDC<\/a>), repr\u00e9sent\u00e9e par Miguel Barrieras, chef de la direction, Direction de l&rsquo;impact et des services bancaires communautaires, et la Banque Royale du Canada (<a href=\"https:\/\/www.rbcroyalbank.com\/personal.html\" data-type=\"link\" data-id=\"https:\/\/www.rbcroyalbank.com\/personal.html\">RBC<\/a>), repr\u00e9sent\u00e9e par Yasser Ghazi, vice-pr\u00e9sident, Services financiers commerciaux, Ontario Nord et Est. L&rsquo;honorable Rechie Valdez, ministre des Femmes et de l&rsquo;\u00c9galit\u00e9 des genres et secr\u00e9taire d&rsquo;\u00c9tat (Petite Entreprise et Tourisme), s&rsquo;est jointe \u00e0 nous et a exprim\u00e9 son soutien envers la rel\u00e8ve entrepreneuriale.<\/p>\n\n\n\n<p>Onze jeunes entrepreneur.e.s soutenu.e.s par Futurpreneur en provenance de tout le Canada ont pr\u00e9sent\u00e9 leurs entreprises aux d\u00e9cideurs.euses politiques et aux leaders de l&rsquo;\u00e9cosyst\u00e8me, refl\u00e9tant ainsi la diversit\u00e9 et la force du paysage entrepreneurial canadien.<\/p>\n\n\n\n<p><strong>Entrepreneur.e.s \u00e0 l&rsquo;honneur :<\/strong><\/p>\n\n\n\n<ul class=\"wp-block-list\">\n<li><strong>Joanna Pariseau<\/strong> (<a href=\"https:\/\/www.tastethecity.ca\/\" data-type=\"link\" data-id=\"https:\/\/www.tastethecity.ca\/\">Taste the City<\/a>, AB), qui fait d\u00e9couvrir les villes par la gastronomie et transforme les recommandations num\u00e9riques en itin\u00e9raires r\u00e9els achetables .<\/li>\n<\/ul>\n\n\n\n<ul class=\"wp-block-list\">\n<li><strong>Moirae Choquette <\/strong>(<a href=\"https:\/\/www.tomatowheels.com\/\" data-type=\"link\" data-id=\"https:\/\/www.tomatowheels.com\/\">Tomato Wheels<\/a>, AB), fondatrice d&rsquo;une marque de vin ind\u00e9pendante qui conna\u00eet une croissance fulgurante au pays et qui mise sur la qualit\u00e9 et la communaut\u00e9.<\/li>\n<\/ul>\n\n\n\n<ul class=\"wp-block-list\">\n<li><strong>Darion Ducharme<\/strong> (<a href=\"https:\/\/www.teqare.ca\/\" data-type=\"link\" data-id=\"https:\/\/www.teqare.ca\/\">Teqare<\/a>, MB), qui offre une \u00e9ducation en technologie et en cybers\u00e9curit\u00e9 aux communaut\u00e9s des Premi\u00e8res Nations.<\/li>\n<\/ul>\n\n\n\n<ul class=\"wp-block-list\">\n<li><strong>David Owasi<\/strong> (<a href=\"https:\/\/outreachgenius.ai\/?utm_source=ig&amp;utm_medium=social&amp;utm_content=link_in_bio&amp;fbclid=PAZXh0bgNhZW0CMTEAc3J0YwZhcHBfaWQMMjU2MjgxMDQwNTU4AAGnfOFtBrCUj5C-15CtWzw_H-2yOW1c3imsOGRmlJxje4P4R0x9ByHaXEM93AY_aem_CZBCVb5D3iB-S3j5A4snGA\" data-type=\"link\" data-id=\"https:\/\/outreachgenius.ai\/?utm_source=ig&amp;utm_medium=social&amp;utm_content=link_in_bio&amp;fbclid=PAZXh0bgNhZW0CMTEAc3J0YwZhcHBfaWQMMjU2MjgxMDQwNTU4AAGnfOFtBrCUj5C-15CtWzw_H-2yOW1c3imsOGRmlJxje4P4R0x9ByHaXEM93AY_aem_CZBCVb5D3iB-S3j5A4snGA\">Outreach Genius<\/a>, MB), \u00e0 la t\u00eate d&rsquo;une jeune pousse technologique, propulse la croissance des entreprises de services \u00e0 domicile gr\u00e2ce \u00e0 des agents vocaux propuls\u00e9s par l&rsquo;IA.<\/li>\n<\/ul>\n\n\n\n<ul class=\"wp-block-list\">\n<li><strong>Constanza Safatle<\/strong> (<a href=\"https:\/\/newbornlander.ca\/\" data-type=\"link\" data-id=\"https:\/\/newbornlander.ca\/\">Newbornlander<\/a>, T-N-L), ancienne d\u00e9l\u00e9gu\u00e9e du G20, con\u00e7oit des accessoires durables pour b\u00e9b\u00e9s tout en cr\u00e9ant des occasions d&#8217;emploi et de formation pour les femmes immigrantes et r\u00e9fugi\u00e9es.<\/li>\n<\/ul>\n\n\n\n<ul class=\"wp-block-list\">\n<li><strong>Diana Virgovicova<\/strong> (<a href=\"https:\/\/www.xatoms.com\/\" data-type=\"link\" data-id=\"https:\/\/www.xatoms.com\/\">Xatoms<\/a>, ON), ancienne d\u00e9l\u00e9gu\u00e9e du G20, qui utilise l&rsquo;IA et la chimie quantique pour concevoir de nouveaux mat\u00e9riaux pour le traitement de l&rsquo;eau.<\/li>\n<\/ul>\n\n\n\n<ul class=\"wp-block-list\">\n<li><strong>Jennifer Ai <\/strong>(<a href=\"https:\/\/www.leopardai.ca\/about\" data-type=\"link\" data-id=\"https:\/\/www.leopardai.ca\/about\">Leopard AI<\/a>, ON), ancienne d\u00e9l\u00e9gu\u00e9e du G20, qui repense la r\u00e9partition mondiale du capital de risque.<\/li>\n<\/ul>\n\n\n\n<ul class=\"wp-block-list\">\n<li><strong>Richa Gupta <\/strong>(<a href=\"https:\/\/goodfoodforgood.ca\/?utm_source=ig&amp;utm_medium=social&amp;utm_content=link_in_bio&amp;fbclid=PAZXh0bgNhZW0CMTEAc3J0YwZhcHBfaWQMMjU2MjgxMDQwNTU4AAGn3tk9vnDnDp4HWo7L8k2e3ZLV8ulQWwcuwMGGqfqQJB3aIdLr039T9oKkDgI_aem_6kGP1yOlfRmQJIhnD1jjFw\" data-type=\"link\" data-id=\"https:\/\/goodfoodforgood.ca\/?utm_source=ig&amp;utm_medium=social&amp;utm_content=link_in_bio&amp;fbclid=PAZXh0bgNhZW0CMTEAc3J0YwZhcHBfaWQMMjU2MjgxMDQwNTU4AAGn3tk9vnDnDp4HWo7L8k2e3ZLV8ulQWwcuwMGGqfqQJB3aIdLr039T9oKkDgI_aem_6kGP1yOlfRmQJIhnD1jjFw\">Good Food for Good<\/a>, ON), qui a propuls\u00e9 sa marque d&rsquo;aliments biologiques et sains partout en Am\u00e9rique du Nord.<\/li>\n<\/ul>\n\n\n\n<ul class=\"wp-block-list\">\n<li><strong>Viet Anh (Vian) Nguyen <\/strong>(<a href=\"https:\/\/rudemama.ca\/\" data-type=\"link\" data-id=\"https:\/\/rudemama.ca\/\">Rude Mama Hot Sauce<\/a>, ON), dont les sauces piquantes vietnamiennes artisanales, concoct\u00e9es \u00e0 partir d&rsquo;ingr\u00e9dients locaux, sont maintenant vendues dans les grandes cha\u00eenes d&rsquo;\u00e9picerie du pays.<\/li>\n<\/ul>\n\n\n\n<ul class=\"wp-block-list\">\n<li><strong>Arold Ramboasalama et C\u00e9cile Dijoux<\/strong> (<a href=\"https:\/\/www.vanilleornoir.com\/?utm_source=ig&amp;utm_medium=social&amp;utm_content=link_in_bio&amp;fbclid=PAZXh0bgNhZW0CMTEAc3J0YwZhcHBfaWQMMjU2MjgxMDQwNTU4AAGny2B3F8lUbOlZ7qn1OqEoFnVzMRrDT5LM3eJTplAyU6sDyaeMJu_XnoZz_Ys_aem_J5qgDBU4Adl1XmF5zxDh0g\" data-type=\"link\" data-id=\"https:\/\/www.vanilleornoir.com\/?utm_source=ig&amp;utm_medium=social&amp;utm_content=link_in_bio&amp;fbclid=PAZXh0bgNhZW0CMTEAc3J0YwZhcHBfaWQMMjU2MjgxMDQwNTU4AAGny2B3F8lUbOlZ7qn1OqEoFnVzMRrDT5LM3eJTplAyU6sDyaeMJu_XnoZz_Ys_aem_J5qgDBU4Adl1XmF5zxDh0g\">Or Noir de Madagascar<\/a>, QC), misent sur quatre g\u00e9n\u00e9rations de savoir-faire familial pour proposer au march\u00e9 qu\u00e9b\u00e9cois une vanille de Madagascar issue du commerce \u00e9quitable.<\/li>\n<\/ul>\n\n\n\n<ul class=\"wp-block-list\">\n<li><strong>Guillaume Blais <\/strong>(<a href=\"https:\/\/www.prod-g.com\/?utm_source=ig&amp;utm_medium=social&amp;utm_content=link_in_bio&amp;fbclid=PAZXh0bgNhZW0CMTEAc3J0YwZhcHBfaWQMMjU2MjgxMDQwNTU4AAGnBMnbhdPjEkv9dlDBHQ0zYtbfomTmsJYavN5GhW_nvcnmwIh3Ui5d-tdoE6A_aem_21eKP0xCqmKZjg1xYlzO-Q\" data-type=\"link\" data-id=\"https:\/\/www.prod-g.com\/?utm_source=ig&amp;utm_medium=social&amp;utm_content=link_in_bio&amp;fbclid=PAZXh0bgNhZW0CMTEAc3J0YwZhcHBfaWQMMjU2MjgxMDQwNTU4AAGnBMnbhdPjEkv9dlDBHQ0zYtbfomTmsJYavN5GhW_nvcnmwIh3Ui5d-tdoE6A_aem_21eKP0xCqmKZjg1xYlzO-Q\">PROD.G<\/a>, QC), un v\u00e9t\u00e9ran du cirque contemporain, qui produit des spectacles acrobatiques immersifs privil\u00e9giant l&rsquo;inclusion et la diversit\u00e9.<\/li>\n<\/ul>\n\n\n\n<p>L&rsquo;entrepreneur David Owasi a partag\u00e9 son parcours inspirant vers la cr\u00e9ation d&rsquo;Outreach Genius. Il a soulign\u00e9 comment l&rsquo;acc\u00e8s au mentorat et au capital permet aux fondateur.rice.s de multiplier leur impact.<\/p>\n\n\n\n<p>Nous avons \u00e9galement entendu <strong>Lorne Jr. Blesse<\/strong>, entrepreneur autochtone et membre du conseil d&rsquo;administration de Futurpreneur (fondateur de <strong><a href=\"https:\/\/kiwetinclothing.ca\/?utm_source=ig&amp;utm_medium=social&amp;utm_content=link_in_bio&amp;fbclid=PAZXh0bgNhZW0CMTEAc3J0YwZhcHBfaWQMMjU2MjgxMDQwNTU4AAGnNhlxBAPnztA8kfpZO-KslqIoM4Q3f3zcEcB4ZLElc0GGovm32DvOUprHn7Y_aem_XIGq63udWId1pa8uVB0xow\" data-type=\"link\" data-id=\"https:\/\/kiwetinclothing.ca\/?utm_source=ig&amp;utm_medium=social&amp;utm_content=link_in_bio&amp;fbclid=PAZXh0bgNhZW0CMTEAc3J0YwZhcHBfaWQMMjU2MjgxMDQwNTU4AAGnNhlxBAPnztA8kfpZO-KslqIoM4Q3f3zcEcB4ZLElc0GGovm32DvOUprHn7Y_aem_XIGq63udWId1pa8uVB0xow\">Kiwetin Clothing<\/a>, AB<\/strong>). Originaire du nord de l\u2019Alberta, il a soulign\u00e9 l\u2019importance de donner aux autres les moyens de d\u00e9finir leur propre r\u00e9ussite, tout en veillant \u00e0 ce que ces occasions d\u2019affaires restent accessibles.<\/p>\n\n\n\n<p>Ce sentiment de communaut\u00e9 a \u00e9t\u00e9 repris par <strong>Guillaume Blais (PRODG, QC)<\/strong>, qui a expliqu\u00e9 comment cette exp\u00e9rience sur la colline lui a permis de lier la culture au commerce, en obtenant des rencontres strat\u00e9giques avec des institutions comme le Conseil des arts du Canada.<\/p>\n\n\n\n<p><strong>Porter la voix des entrepreneur.e.s au Parlement<\/strong><\/p>\n\n\n\n<p>Afin que la voix des jeunes entrepreneur.e.s soit entendue l\u00e0 o\u00f9 les d\u00e9cisions se prennent, Futurpreneur a organis\u00e9 des rencontres individuelles entre nos fondateurs.rices et leurs d\u00e9put\u00e9.e.s locaux.les. Ces \u00e9changes ont permis de discuter concr\u00e8tement des d\u00e9fis li\u00e9s \u00e0 la croissance d&rsquo;une entreprise au Canada et de l&rsquo;impact du soutien f\u00e9d\u00e9ral.<\/p>\n\n\n\n<figure class=\"wp-block-gallery has-nested-images columns-default is-cropped wp-block-gallery-1 is-layout-flex wp-block-gallery-is-layout-flex\">\n<figure class=\"wp-block-image size-large\"><img loading=\"lazy\" decoding=\"async\" width=\"882\" height=\"1024\" data-id=\"14586\" src=\"https:\/\/futurpreneur.ca\/wp-content\/uploads\/2026\/04\/IMG_2620-2-882x1024.jpg\" alt=\"\" class=\"wp-image-14586\" srcset=\"https:\/\/futurpreneur.ca\/wp-content\/uploads\/2026\/04\/IMG_2620-2-882x1024.jpg 882w, https:\/\/futurpreneur.ca\/wp-content\/uploads\/2026\/04\/IMG_2620-2-258x300.jpg 258w, https:\/\/futurpreneur.ca\/wp-content\/uploads\/2026\/04\/IMG_2620-2-768x891.jpg 768w, https:\/\/futurpreneur.ca\/wp-content\/uploads\/2026\/04\/IMG_2620-2-1323x1536.jpg 1323w, https:\/\/futurpreneur.ca\/wp-content\/uploads\/2026\/04\/IMG_2620-2-1764x2048.jpg 1764w\" sizes=\"auto, (max-width: 882px) 100vw, 882px\" \/><figcaption class=\"wp-element-caption\"><mark style=\"background-color:#FFFFFF\" class=\"has-inline-color has-black-color\"><strong>Darion et Brett Ducharme (Teqare) ont rencontr\u00e9 le d\u00e9put\u00e9 Kevin Lamoureux <\/strong>pour discuter de l&rsquo;\u00e9volution de leur entreprise. \u00c0 titre de d\u00e9put\u00e9 de Winnipeg-Nord, Kevin Lamoureux se concentre depuis longtemps sur le d\u00e9veloppement communautaire et la litt\u00e9ratie num\u00e9rique, ce qui est au c\u0153ur de la mission de Teqare.<\/mark><\/figcaption><\/figure>\n\n\n\n<figure class=\"wp-block-image size-large\"><img loading=\"lazy\" decoding=\"async\" width=\"1024\" height=\"768\" data-id=\"14588\" src=\"https:\/\/futurpreneur.ca\/wp-content\/uploads\/2026\/04\/IMG_1716-1-1-1024x768.jpg\" alt=\"\" class=\"wp-image-14588\" srcset=\"https:\/\/futurpreneur.ca\/wp-content\/uploads\/2026\/04\/IMG_1716-1-1-1024x768.jpg 1024w, https:\/\/futurpreneur.ca\/wp-content\/uploads\/2026\/04\/IMG_1716-1-1-300x225.jpg 300w, https:\/\/futurpreneur.ca\/wp-content\/uploads\/2026\/04\/IMG_1716-1-1-768x576.jpg 768w, https:\/\/futurpreneur.ca\/wp-content\/uploads\/2026\/04\/IMG_1716-1-1-1536x1152.jpg 1536w, https:\/\/futurpreneur.ca\/wp-content\/uploads\/2026\/04\/IMG_1716-1-1-2048x1536.jpg 2048w\" sizes=\"auto, (max-width: 1024px) 100vw, 1024px\" \/><figcaption class=\"wp-element-caption\"><strong><mark style=\"background-color:#FFFFFF\" class=\"has-inline-color has-black-color\">Jennifer Ai (Leopard AI) a discut\u00e9 avec le d\u00e9put\u00e9 John Brassard <\/mark><\/strong><mark style=\"background-color:#FFFFFF\" class=\"has-inline-color has-black-color\">de l&rsquo;avenir du recrutement propuls\u00e9 par l&rsquo;IA. Gr\u00e2ce \u00e0 son expertise en d\u00e9veloppement \u00e9conomique, John Brassard a examin\u00e9 comment des technologies comme Leopard AI peuvent renforcer la main-d&rsquo;\u0153uvre canadienne.<\/mark><\/figcaption><\/figure>\n<\/figure>\n\n\n\n<figure class=\"wp-block-gallery has-nested-images columns-default is-cropped wp-block-gallery-2 is-layout-flex wp-block-gallery-is-layout-flex\">\n<figure class=\"wp-block-image size-large\"><img loading=\"lazy\" decoding=\"async\" width=\"883\" height=\"1024\" data-id=\"14590\" src=\"https:\/\/futurpreneur.ca\/wp-content\/uploads\/2026\/04\/IMG_2670-2-883x1024.jpg\" alt=\"\" class=\"wp-image-14590\" srcset=\"https:\/\/futurpreneur.ca\/wp-content\/uploads\/2026\/04\/IMG_2670-2-883x1024.jpg 883w, https:\/\/futurpreneur.ca\/wp-content\/uploads\/2026\/04\/IMG_2670-2-259x300.jpg 259w, https:\/\/futurpreneur.ca\/wp-content\/uploads\/2026\/04\/IMG_2670-2-768x890.jpg 768w, https:\/\/futurpreneur.ca\/wp-content\/uploads\/2026\/04\/IMG_2670-2-1325x1536.jpg 1325w, https:\/\/futurpreneur.ca\/wp-content\/uploads\/2026\/04\/IMG_2670-2-1766x2048.jpg 1766w\" sizes=\"auto, (max-width: 883px) 100vw, 883px\" \/><figcaption class=\"wp-element-caption\"><mark style=\"background-color:#FFFFFF\" class=\"has-inline-color has-black-color\"><strong>Viet Anh (Vian) Nguyen (Rude Mama Hot Sauce) a partag\u00e9 son parcours avec le d\u00e9put\u00e9 Karim Bardeesy,<\/strong> soulignant le dynamisme du secteur agroalimentaire canadien. Cet \u00e9change productif a men\u00e9 \u00e0 une introduction aupr\u00e8s du restaurant du Parlement du Canada, ouvrant la porte \u00e0 une pr\u00e9sence possible de Rude Mama Hot Sauce au c\u0153ur de la capitale.<\/mark><\/figcaption><\/figure>\n\n\n\n<figure class=\"wp-block-image size-large\"><img loading=\"lazy\" decoding=\"async\" width=\"1024\" height=\"880\" data-id=\"14592\" src=\"https:\/\/futurpreneur.ca\/wp-content\/uploads\/2026\/04\/IMG_1721-1-1024x880.jpg\" alt=\"\" class=\"wp-image-14592\" srcset=\"https:\/\/futurpreneur.ca\/wp-content\/uploads\/2026\/04\/IMG_1721-1-1024x880.jpg 1024w, https:\/\/futurpreneur.ca\/wp-content\/uploads\/2026\/04\/IMG_1721-1-300x258.jpg 300w, https:\/\/futurpreneur.ca\/wp-content\/uploads\/2026\/04\/IMG_1721-1-768x660.jpg 768w, https:\/\/futurpreneur.ca\/wp-content\/uploads\/2026\/04\/IMG_1721-1-1536x1321.jpg 1536w, https:\/\/futurpreneur.ca\/wp-content\/uploads\/2026\/04\/IMG_1721-1-2048x1761.jpg 2048w\" sizes=\"auto, (max-width: 1024px) 100vw, 1024px\" \/><figcaption class=\"wp-element-caption\"><strong><mark style=\"background-color:#FFFFFF\" class=\"has-inline-color has-black-color\">David Owasi (Outreach Genius) a \u00e9chang\u00e9 avec le d\u00e9put\u00e9 Terry Duguid <\/mark><\/strong><mark style=\"background-color:#FFFFFF\" class=\"has-inline-color has-black-color\">sur la croissance \u00e9conomique et l&rsquo;IA. Leur conversation a port\u00e9 sur l&rsquo;importance de propulser les solutions num\u00e9riques des Prairies vers la sc\u00e8ne nationale et sur la n\u00e9cessit\u00e9 de permettre aux fondateur.rice.s d&rsquo;exp\u00e9rience de guider et de soutenir les nouveaux.elles entrepreneur.e.s.<\/mark><\/figcaption><\/figure>\n<\/figure>\n\n\n\n<p><strong>Regard vers l&rsquo;avenir<\/strong><\/p>\n\n\n\n<p>Depuis 1996, Futurpreneur a soutenu plus de 21 000 jeunes entrepreneur.e.s, les aidant \u00e0 lancer plus de 16 600 entreprises partout au Canada. Apr\u00e8s 30 ans de succ\u00e8s, nous constatons que malgr\u00e9 l&rsquo;\u00e9volution du monde des affaires, l&rsquo;esprit entrepreneurial canadien demeure vigoureux.<\/p>\n\n\n\n<p>Nous quittons Ottawa avec optimisme. Notre semaine a soulign\u00e9 l&rsquo;importance de la collaboration entre les entrepreneur.e.s, le gouvernement et le secteur priv\u00e9 pour s&rsquo;assurer que la prochaine g\u00e9n\u00e9ration de fondateur.rice.s dispose du soutien, du mentorat et du capital n\u00e9cessaires pour r\u00e9ussir.<\/p>\n\n\n\n<p>Merci \u00e0 toutes les personnes qui se sont jointes \u00e0 nous sur la colline. Place aux 30 prochaines ann\u00e9es pour b\u00e2tir, cro\u00eetre et prosp\u00e9rer ensemble!<\/p>\n\n\n\n<div class=\"wp-block-columns is-layout-flex wp-container-core-columns-is-layout-9d6595d7 wp-block-columns-is-layout-flex\">\n<div class=\"wp-block-column is-layout-flow wp-block-column-is-layout-flow\"><\/div>\n\n\n\n<div class=\"wp-block-column is-layout-flow wp-block-column-is-layout-flow\">\n<figure class=\"wp-block-video\"><video height=\"1280\" style=\"aspect-ratio: 720 \/ 1280;\" width=\"720\" controls src=\"https:\/\/futurpreneur.ca\/wp-content\/uploads\/2026\/04\/Joanna-Pariseau-Taste-the-City-AB-3.mov\"><\/video><figcaption class=\"wp-element-caption\">Vivez cette \u00e9nergie de pr\u00e8s. Cliquez ci-dessus pour une vid\u00e9o exclusive des coulisses de Joanna Pariseau (Taste the City, AB), qui livre ses r\u00e9flexions sur son exp\u00e9rience lors de la journ\u00e9e sur la colline.<\/figcaption><\/figure>\n<\/div>\n\n\n\n<div class=\"wp-block-column is-layout-flow wp-block-column-is-layout-flow\"><\/div>\n<\/div>\n","protected":false},"excerpt":{"rendered":"<p>Quelle semaine incroyable \u00e0 Ottawa! Pour souligner le 30e anniversaire de Futurpreneur, notre \u00e9quipe, nos mentor.e.s et nos partenaires se sont r\u00e9unis dans la capitale nationale pour la journ\u00e9e sur la colline 2026. Qu&rsquo;il s&rsquo;agisse des discussions strat\u00e9giques de haut niveau lors du sommet sur l&rsquo;avenir des affaires ou des \u00e9changes constructifs avec les d\u00e9put\u00e9.e.s, [&hellip;]<\/p>\n","protected":false},"author":21,"featured_media":14558,"comment_status":"closed","ping_status":"closed","sticky":false,"template":"","format":"standard","meta":{"_acf_changed":true,"footnotes":""},"categories":[18,19,2],"tags":[],"class_list":["post-14583","post","type-post","status-publish","format-standard","has-post-thumbnail","hentry","category-entrepreneuriat","category-futurpreneurs-et-partenaires","category-impact-social-et-durabilite"],"acf":[],"_links":{"self":[{"href":"https:\/\/futurpreneur.ca\/fr\/wp-json\/wp\/v2\/posts\/14583","targetHints":{"allow":["GET"]}}],"collection":[{"href":"https:\/\/futurpreneur.ca\/fr\/wp-json\/wp\/v2\/posts"}],"about":[{"href":"https:\/\/futurpreneur.ca\/fr\/wp-json\/wp\/v2\/types\/post"}],"author":[{"embeddable":true,"href":"https:\/\/futurpreneur.ca\/fr\/wp-json\/wp\/v2\/users\/21"}],"replies":[{"embeddable":true,"href":"https:\/\/futurpreneur.ca\/fr\/wp-json\/wp\/v2\/comments?post=14583"}],"version-history":[{"count":0,"href":"https:\/\/futurpreneur.ca\/fr\/wp-json\/wp\/v2\/posts\/14583\/revisions"}],"wp:featuredmedia":[{"embeddable":true,"href":"https:\/\/futurpreneur.ca\/fr\/wp-json\/wp\/v2\/media\/14558"}],"wp:attachment":[{"href":"https:\/\/futurpreneur.ca\/fr\/wp-json\/wp\/v2\/media?parent=14583"}],"wp:term":[{"taxonomy":"category","embeddable":true,"href":"https:\/\/futurpreneur.ca\/fr\/wp-json\/wp\/v2\/categories?post=14583"},{"taxonomy":"post_tag","embeddable":true,"href":"https:\/\/futurpreneur.ca\/fr\/wp-json\/wp\/v2\/tags?post=14583"}],"curies":[{"name":"wp","href":"https:\/\/api.w.org\/{rel}","templated":true}]}}