{"id":3509,"date":"2023-03-24T18:03:31","date_gmt":"2023-03-24T22:03:31","guid":{"rendered":"https:\/\/futurpreneur.ca\/?p=3509"},"modified":"2024-02-13T11:53:59","modified_gmt":"2024-02-13T16:53:59","slug":"celebrons-le-deuxieme-anniversaire-du-programme-de-demarrage-pour-entrepreneur-e-s-noir-e-s","status":"publish","type":"post","link":"https:\/\/futurpreneur.ca\/fr\/blog\/celebrons-le-deuxieme-anniversaire-du-programme-de-demarrage-pour-entrepreneur-e-s-noir-e-s\/","title":{"rendered":"C\u00e9l\u00e9brons le deuxi\u00e8me anniversaire du Programme de d\u00e9marrage pour entrepreneur.e.s noir.e.s"},"content":{"rendered":"<p><span class=\"TextRun SCXW91064910 BCX0\" lang=\"FR-CA\" xml_lang=\"FR-CA\" data-contrast=\"auto\"><span class=\"NormalTextRun SCXW91064910 BCX0\">Il y a deux ans, <\/span><\/span><a class=\"Hyperlink SCXW91064910 BCX0\" href=\"https:\/\/futurpreneur.ca\/fr\/press-media\/black-entrepreneur-startup-program-launch\/?utm_source=blog&amp;utm_medium=website&amp;utm_campaign=BESP2ndAnniversary\" target=\"_blank\" rel=\"noreferrer noopener\"><span class=\"TextRun Underlined SCXW91064910 BCX0\" lang=\"FR-CA\" xml_lang=\"FR-CA\" data-contrast=\"auto\"><span class=\"NormalTextRun SCXW91064910 BCX0\" data-ccp-charstyle=\"Hyperlink\">Futurpreneur <\/span><span class=\"NormalTextRun SCXW91064910 BCX0\" data-ccp-charstyle=\"Hyperlink\">a annonc\u00e9 une nouvelle collaboration financi\u00e8re avec la Banque Royale du Canada <\/span><span class=\"NormalTextRun SCXW91064910 BCX0\" data-ccp-charstyle=\"Hyperlink\">pour mettre en \u0153uvre <\/span><span class=\"NormalTextRun SCXW91064910 BCX0\" data-ccp-charstyle=\"Hyperlink\">le <\/span><span class=\"NormalTextRun SCXW91064910 BCX0\" data-ccp-charstyle=\"Hyperlink\">Programme de d\u00e9marrage pour les entrepreneur.es noir.es <\/span><span class=\"NormalTextRun SCXW91064910 BCX0\" data-ccp-charstyle=\"Hyperlink\">(<\/span><span class=\"NormalTextRun SCXW91064910 BCX0\" data-ccp-charstyle=\"Hyperlink\">PDEN<\/span><span class=\"NormalTextRun SCXW91064910 BCX0\" data-ccp-charstyle=\"Hyperlink\">), en s<\/span><span class=\"NormalTextRun SCXW91064910 BCX0\" data-ccp-charstyle=\"Hyperlink\">\u2019<\/span><span class=\"NormalTextRun SCXW91064910 BCX0\" data-ccp-charstyle=\"Hyperlink\">appuyant sur son partenariat de longue date avec la Banque de d\u00e9veloppement du Canada (BDC)<\/span><\/span><\/a><span class=\"TextRun SCXW91064910 BCX0\" lang=\"FR-CA\" xml_lang=\"FR-CA\" data-contrast=\"auto\"><span class=\"NormalTextRun SCXW91064910 BCX0\">. Cette initiative a \u00e9t\u00e9 lanc\u00e9e afin d<\/span><span class=\"NormalTextRun SCXW91064910 BCX0\">\u2019<\/span><span class=\"NormalTextRun SCXW91064910 BCX0\">offrir un<\/span><span class=\"NormalTextRun SCXW91064910 BCX0\"> acc\u00e8s \u00e0 du capital, du mentorat, des ressources et des occasions de r\u00e9seautage, pour apporter de l\u2019aide aux <\/span><span class=\"NormalTextRun SpellingErrorV2Themed SCXW91064910 BCX0\">entrepreneur.e.s<\/span> <span class=\"NormalTextRun SpellingErrorV2Themed SCXW91064910 BCX0\">noir.e.s<\/span><span class=\"NormalTextRun SCXW91064910 BCX0\"> de tout le pays. A<\/span><span class=\"NormalTextRun SCXW91064910 BCX0\">lors que nous c\u00e9l\u00e9brons le deuxi\u00e8me anniversaire du <\/span><span class=\"NormalTextRun SCXW91064910 BCX0\">programme, nous<\/span><span class=\"NormalTextRun SCXW91064910 BCX0\"> r\u00e9fl\u00e9chissons<\/span><span class=\"NormalTextRun SCXW91064910 BCX0\"> fi\u00e8rement<\/span><span class=\"NormalTextRun SCXW91064910 BCX0\"> \u00e0 s<\/span><span class=\"NormalTextRun SCXW91064910 BCX0\">es effets <\/span><span class=\"NormalTextRun SCXW91064910 BCX0\">positifs<\/span><span class=\"NormalTextRun SCXW91064910 BCX0\"> sur <\/span><span class=\"NormalTextRun SCXW91064910 BCX0\">la communaut\u00e9 et portons <\/span><span class=\"NormalTextRun SCXW91064910 BCX0\">notre regard vers<\/span> <span class=\"NormalTextRun SCXW91064910 BCX0\">u<\/span><span class=\"NormalTextRun SCXW91064910 BCX0\">n avenir prometteur.<\/span><\/span><\/p>\n<h2><strong><span class=\"NormalTextRun SCXW190203228 BCX0\">Plus de <\/span><span class=\"NormalTextRun SCXW190203228 BCX0\">11<\/span><span class=\"NormalTextRun SCXW190203228 BCX0\">\u202f<\/span><span class=\"NormalTextRun SCXW190203228 BCX0\">M$<\/span> <span class=\"NormalTextRun SCXW190203228 BCX0\">vers\u00e9s<\/span><span class=\"NormalTextRun SCXW190203228 BCX0\"> en capital <\/span><span class=\"NormalTextRun SCXW190203228 BCX0\">avec un<\/span><span class=\"NormalTextRun SCXW190203228 BCX0\"> mentorat <\/span><span class=\"NormalTextRun SCXW190203228 BCX0\">personnalis\u00e9<\/span><\/strong><\/h2>\n<p><span data-contrast=\"auto\">Au cours des deux premi\u00e8res ann\u00e9es, le programme a apport\u00e9 des changements consid\u00e9rables en s\u2019attaquant aux obstacles syst\u00e9miques aux ressources financi\u00e8res et commerciales importantes, auxquels les jeunes entrepreneur.e.s noir.e.s sont confront\u00e9.e.s dans le paysage \u00e9conomique canadien. C\u2019est avec fiert\u00e9 que nous avons vers\u00e9 plus de 11\u202fmillions de dollars de pr\u00eats aux entreprises sans garantie, soutenant ainsi plus de 275\u202fentreprises dirig\u00e9es par des Noir.e.s et jumel\u00e9es \u00e0 un.e mentor.e, pour les aider \u00e0 d\u00e9marrer leur parcours entrepreneurial. <\/span><span data-ccp-props=\"{&quot;201341983&quot;:0,&quot;335559739&quot;:160,&quot;335559740&quot;:259}\">\u00a0<\/span><\/p>\n<p><span data-contrast=\"auto\">Selon le rapport <\/span><a href=\"https:\/\/wekh.ca\/wp-content\/uploads\/2022\/03\/PCFE_Etat_des_lieux_de_lentrepreneuriat_feminin_au_Canada_2022-1.pdf\"><i><span data-contrast=\"auto\">\u00c9tat des lieux de l\u2019entrepreneuriat f\u00e9minin\u202f2022<\/span><\/i><\/a><span data-contrast=\"auto\">, les entrepreneures noires rencontrent encore de nombreux obstacles, malgr\u00e9 leur exp\u00e9rience et leurs comp\u00e9tences impressionnantes. Ces d\u00e9fis d\u00e9coulent de pr\u00e9jug\u00e9s conscients et inconscients profond\u00e9ment ancr\u00e9s dans les institutions et les organisations con\u00e7ues pour soutenir les entrepreneur.e.s, lesquels affectent de mani\u00e8re disproportionn\u00e9e les femmes noires.<\/span><span data-contrast=\"auto\"><sup>1<\/sup><\/span><span data-contrast=\"auto\">\u00a0<\/span><span data-ccp-props=\"{&quot;201341983&quot;:0,&quot;335559739&quot;:160,&quot;335559740&quot;:259}\">\u00a0<\/span><\/p>\n<p><span data-contrast=\"auto\">\u00c0 l\u2019occasion de notre deuxi\u00e8me anniversaire, nous annon\u00e7ons fi\u00e8rement que 51\u202f% des entreprises que nous avons soutenues \u00e0 travers du Programme de d\u00e9marrage pour entrepreneur.e.s noir.e.s sont dirig\u00e9es par des femmes. En favorisant un environnement entrepreneurial inclusif et diversifi\u00e9, nous restons d\u00e9termin\u00e9s \u00e0 donner aux entrepreneures noires les moyens de surmonter ces obstacles et de prosp\u00e9rer au sein de leur entreprise.<\/span><\/p>\n<h2><b><span data-contrast=\"auto\"><span class=\"TextRun SCXW198037782 BCX0\" lang=\"FR-CA\" xml_lang=\"FR-CA\" data-contrast=\"auto\"><span class=\"NormalTextRun SCXW198037782 BCX0\">Honorer les <\/span><span class=\"NormalTextRun SpellingErrorV2Themed SCXW198037782 BCX0\">entrepreneur.e<\/span><span class=\"NormalTextRun SCXW198037782 BCX0\">.<\/span><span class=\"NormalTextRun SCXW198037782 BCX0\">s<\/span> <span class=\"NormalTextRun SpellingErrorV2Themed SCXW198037782 BCX0\">noir.e<\/span><span class=\"NormalTextRun SCXW198037782 BCX0\">.<\/span><span class=\"NormalTextRun SCXW198037782 BCX0\">s<\/span><span class=\"NormalTextRun SCXW198037782 BCX0\"> et inspirer la prochaine g\u00e9n\u00e9ratio<\/span><\/span><\/span><\/b><b><span data-contrast=\"auto\">n<\/span><\/b><span data-ccp-props=\"{&quot;201341983&quot;:0,&quot;335559739&quot;:160,&quot;335559740&quot;:259}\">\u00a0<\/span><\/h2>\n<p><span data-contrast=\"auto\">En f\u00e9vrier, nous avons organis\u00e9 un \u00e9v\u00e9nement r\u00e9ussi visant \u00e0 c\u00e9l\u00e9brer les r\u00e9alisations des entrepreneur.e.s noir.e.s. La soir\u00e9e avait pour th\u00e8me \u00ab <strong>Honorer les entrepreneurs noirs et inspirer la prochaine g\u00e9n\u00e9ration<\/strong> \u00bb, et nous avons accueilli une salle comble dans notre bureau national de Toronto. Nous avons offert aux participant.e.s une occasion de tisser des liens avec des professionnel.le.s aux vues similaires et de s&rsquo;informer aupr\u00e8s d&rsquo;experts du secteur.<\/span><span data-ccp-props=\"{&quot;201341983&quot;:0,&quot;335559739&quot;:160,&quot;335559740&quot;:259}\">\u00a0<\/span><\/p>\n<div style=\"text-align: center\">\n<iframe loading=\"lazy\" title=\"Event Highlights: Honouring Black Entrepreneurs and Inspiring the Next Generation\" width=\"500\" height=\"281\" src=\"https:\/\/www.youtube.com\/embed\/cwy8pGdZ1zY?start=56&#038;feature=oembed\" frameborder=\"0\" allow=\"accelerometer; autoplay; clipboard-write; encrypted-media; gyroscope; picture-in-picture; web-share\" referrerpolicy=\"strict-origin-when-cross-origin\" allowfullscreen><\/iframe>\n<\/div>\n<p><span data-contrast=\"auto\">L\u2019\u00e9v\u00e9nement a permis de mettre en lumi\u00e8re l\u2019impact consid\u00e9rable du Programme de d\u00e9marrage pour entrepreneur.e.s noir.e.s, en ce qui concerne notamment l\u2019autonomisation des entrepreneur.e.s noir.e.s du pays. Il a \u00e9galement servi de pr\u00e9lude \u00e0 la c\u00e9l\u00e9bration de notre deuxi\u00e8me anniversaire.<\/span><span data-ccp-props=\"{&quot;201341983&quot;:0,&quot;335559739&quot;:160,&quot;335559740&quot;:259}\">\u00a0<\/span><\/p>\n<p><span data-contrast=\"auto\">De nombreux jeunes entrepreneur.e.s sont venu.e.s de diverses r\u00e9gions pour se joindre \u00e0 nous et nous sommes particuli\u00e8rement reconnaissant.e.s de la mobilisation massive de la communaut\u00e9, tant en personne que sur les m\u00e9dias sociaux &#8211; ce fut une soir\u00e9e m\u00e9morable!<\/span><span data-ccp-props=\"{&quot;201341983&quot;:0,&quot;335559739&quot;:160,&quot;335559740&quot;:259}\">\u00a0<\/span><\/p>\n<h2><b><span data-contrast=\"auto\"><span class=\"TextRun SCXW195778209 BCX0\" lang=\"FR-CA\" xml_lang=\"FR-CA\" data-contrast=\"auto\"><span class=\"NormalTextRun SCXW195778209 BCX0\">Mettre en avant les <\/span><span class=\"NormalTextRun SpellingErrorV2Themed SCXW195778209 BCX0\">entrepreneur.e.s<\/span> <span class=\"NormalTextRun SpellingErrorV2Themed SCXW195778209 BCX0\">noir.e.s<\/span><\/span><\/span><\/b><span data-ccp-props=\"{&quot;201341983&quot;:0,&quot;335559739&quot;:160,&quot;335559740&quot;:259}\">\u00a0<\/span><\/h2>\n<p><span class=\"TextRun SCXW72697861 BCX0\" lang=\"FR-CA\" xml_lang=\"FR-CA\" data-contrast=\"auto\"><span class=\"NormalTextRun SCXW72697861 BCX0\">Pendant <\/span><span class=\"NormalTextRun SCXW72697861 BCX0\">tout le<\/span><span class=\"NormalTextRun SCXW72697861 BCX0\"> mois de f\u00e9vrier<\/span><span class=\"NormalTextRun SCXW72697861 BCX0\">, <\/span><span class=\"NormalTextRun SCXW72697861 BCX0\">nous avons <\/span><span class=\"NormalTextRun SCXW72697861 BCX0\">consacr\u00e9 nos plateformes <\/span><span class=\"NormalTextRun SCXW72697861 BCX0\">de communication <\/span><span class=\"NormalTextRun SCXW72697861 BCX0\">\u00e0 la c\u00e9l\u00e9bration du Mois de l<\/span><span class=\"NormalTextRun SCXW72697861 BCX0\">\u2019<\/span><span class=\"NormalTextRun SCXW72697861 BCX0\">histoire des Noirs et \u00e0 <\/span><span class=\"NormalTextRun SCXW72697861 BCX0\">la mise en lumi\u00e8re de <\/span><span class=\"NormalTextRun SCXW72697861 BCX0\">jeunes <\/span><span class=\"NormalTextRun SpellingErrorV2Themed SCXW72697861 BCX0\">entrepreneur<\/span><span class=\"NormalTextRun SpellingErrorV2Themed SCXW72697861 BCX0\">.e<\/span><span class=\"NormalTextRun SCXW72697861 BCX0\">.<\/span><span class=\"NormalTextRun SCXW72697861 BCX0\">s<\/span> <span class=\"NormalTextRun SpellingErrorV2Themed SCXW72697861 BCX0\">noir<\/span><span class=\"NormalTextRun SpellingErrorV2Themed SCXW72697861 BCX0\">.e<\/span><span class=\"NormalTextRun SCXW72697861 BCX0\">.<\/span><span class=\"NormalTextRun SCXW72697861 BCX0\">s<\/span> <span class=\"NormalTextRun SCXW72697861 BCX0\">qui ont r\u00e9ussi<\/span><span class=\"NormalTextRun SCXW72697861 BCX0\">, <\/span><span class=\"NormalTextRun SCXW72697861 BCX0\">gr\u00e2ce \u00e0 la s\u00e9rie vid\u00e9o <\/span><span class=\"NormalTextRun SCXW72697861 BCX0\">\u00ab\u2009<\/span><strong><span class=\"NormalTextRun SCXW72697861 BCX0\">Une journ\u00e9e dans la vie d\u2019<\/span><span class=\"NormalTextRun SpellingErrorV2Themed SCXW72697861 BCX0\">un.e<\/span> <span class=\"NormalTextRun SpellingErrorV2Themed SCXW72697861 BCX0\">entrepreneur.e<\/span> <span class=\"NormalTextRun SpellingErrorV2Themed SCXW72697861 BCX0\">noir.e<\/span><\/strong><span class=\"NormalTextRun SCXW72697861 BCX0\">\u2009\u00bb<\/span><span class=\"NormalTextRun SCXW72697861 BCX0\">. La s\u00e9rie <\/span><span class=\"NormalTextRun SCXW72697861 BCX0\">pr\u00e9sente <\/span><\/span><span class=\"TextRun Highlight SCXW72697861 BCX0\" lang=\"FR-CA\" xml_lang=\"FR-CA\" data-contrast=\"auto\"><span class=\"NormalTextRun SCXW72697861 BCX0\" data-ccp-charstyle=\"normaltextrun\" data-ccp-charstyle-defn=\"{&quot;ObjectId&quot;:&quot;0b173cd7-7c77-4295-b70d-ab3c9546b864|5&quot;,&quot;ClassId&quot;:1073872969,&quot;Properties&quot;:[469775450,&quot;normaltextrun&quot;,201340122,&quot;1&quot;,134233614,&quot;true&quot;,469778129,&quot;normaltextrun&quot;,335572020,&quot;1&quot;,469778324,&quot;Default Paragraph Font&quot;]}\">nos incroyables jeunes <\/span><span class=\"NormalTextRun SCXW72697861 BCX0\" data-ccp-charstyle=\"normaltextrun\">propri\u00e9taires d\u2019entreprise<\/span><span class=\"NormalTextRun SCXW72697861 BCX0\" data-ccp-charstyle=\"normaltextrun\">\u202f<\/span><span class=\"NormalTextRun SpellingErrorV2Themed SCXW72697861 BCX0\" data-ccp-charstyle=\"normaltextrun\">soutenu.e.s<\/span><span class=\"NormalTextRun SCXW72697861 BCX0\" data-ccp-charstyle=\"normaltextrun\"> par Futurpreneur.<\/span><\/span><\/p>\n<h3><a href=\"http:\/\/www.youtube.com\/watch?v=NrJIN999mE0\" target=\"_blank\" rel=\"noopener\"><span style=\"text-decoration: underline\">Adesola Ogunsakin, fondatrice de The Retro Bag Canada, London, Ontario<\/span><\/a><\/h3>\n<p><span class=\"NormalTextRun SCXW245113422 BCX0\">D\u00e9couvrez <\/span><span class=\"NormalTextRun SpellingErrorV2Themed SCXW245113422 BCX0\">Adesola<\/span> <span class=\"NormalTextRun SpellingErrorV2Themed SCXW245113422 BCX0\">Ogunsakin<\/span><span class=\"NormalTextRun SCXW245113422 BCX0\">, qui apr\u00e8s avoir obtenu son dipl\u00f4me de m\u00e9decine, a fait le grand saut et a d\u00e9cid\u00e9 de lancer sa marque en ligne. Poursuivant sa passion pour la mode, elle a lanc\u00e9 <strong><a href=\"https:\/\/theretrobag.com\/\" target=\"_blank\" rel=\"noopener\">The Retro Bag Canada<\/a><\/strong> en 2019. Aujourd&rsquo;hui, elle poss\u00e8de une boutique physique dans un des plus grands centres commerciaux de London, Ontario<\/span>.<\/p>\n<div style=\"text-align: center\">\n<iframe loading=\"lazy\" title=\"Day in the Life of a Black Entrepreneur | Part 1: Adesola\" width=\"500\" height=\"281\" src=\"https:\/\/www.youtube.com\/embed\/NrJIN999mE0?feature=oembed\" frameborder=\"0\" allow=\"accelerometer; autoplay; clipboard-write; encrypted-media; gyroscope; picture-in-picture; web-share\" referrerpolicy=\"strict-origin-when-cross-origin\" allowfullscreen><\/iframe>\n<\/div>\n<h3><a href=\"http:\/\/www.youtube.com\/watch?v=fyPYXqi-GAo\" target=\"_blank\" rel=\"noopener\"><span style=\"text-decoration: underline\">Alexandra Nerette, fondatrice de Nerette Notaires, Saint-Lambert, Qu\u00e9bec<\/span><\/a><\/h3>\n<p><span class=\"TextRun SCXW82100150 BCX0\" lang=\"FR-CA\" xml_lang=\"FR-CA\" data-contrast=\"auto\"><span class=\"NormalTextRun SCXW82100150 BCX0\">D\u00e9couvrez Me Alexandra <\/span><span class=\"NormalTextRun SpellingErrorV2Themed SCXW82100150 BCX0\">Nerette<\/span><span class=\"NormalTextRun SCXW82100150 BCX0\">, fondatrice de <strong><a href=\"https:\/\/nerettenotaires.com\/\" target=\"_blank\" rel=\"noopener\">Nerette Notaires<\/a><\/strong>, qui nous fait d\u00e9couvrir son quotidien et explique qu\u2019elle consid\u00e8re le Qu\u00e9bec comme \u00e9tant un endroit o\u00f9 chacun peut cr\u00e9er son propre chemin et r\u00e9ussir<\/span><\/span>.<\/p>\n<div style=\"text-align: center\">\n<iframe loading=\"lazy\" title=\"Day in the Life of a Black Entrepreneur | Part 2: Alexandra\" width=\"500\" height=\"281\" src=\"https:\/\/www.youtube.com\/embed\/fyPYXqi-GAo?feature=oembed\" frameborder=\"0\" allow=\"accelerometer; autoplay; clipboard-write; encrypted-media; gyroscope; picture-in-picture; web-share\" referrerpolicy=\"strict-origin-when-cross-origin\" allowfullscreen><\/iframe>\n<\/div>\n<h3><a href=\"http:\/\/www.youtube.com\/watch?v=CWYLqUoaeiw\" target=\"_blank\" rel=\"noopener\"><span style=\"text-decoration: underline\">Kudzaishe Rodney Tembo, fondateur de East Coast Rec Rides, Dartmouth, Nova Scotia<\/span><\/a><\/h3>\n<p><span class=\"NormalTextRun SCXW191084917 BCX0\">D\u00e9couvrez <\/span><span class=\"NormalTextRun SpellingErrorV2Themed SCXW191084917 BCX0\">Kudzaishe<\/span><span class=\"NormalTextRun SCXW191084917 BCX0\"> Rodney Tembo, entrepreneur passionn\u00e9, fondateur de <strong><a href=\"https:\/\/eastcoastrecrides.com\/\" target=\"_blank\" rel=\"noopener\">East Coast Rec Rides<\/a><\/strong>, et contributeur actif \u00e0 l&rsquo;industrie touristique de la Nouvelle-\u00c9cosse. \u00c9coutez-le d\u00e9crire l&rsquo;importance d&rsquo;avoir des leaders <\/span><span class=\"NormalTextRun SpellingErrorV2Themed SCXW191084917 BCX0\">noir.e,s<\/span> <span class=\"NormalTextRun SpellingErrorV2Themed SCXW191084917 BCX0\">inspirant.e.s<\/span><span class=\"NormalTextRun SCXW191084917 BCX0\"> pour soutenir la prochaine g\u00e9n\u00e9ration d\u2019<\/span><span class=\"NormalTextRun SpellingErrorV2Themed SCXW191084917 BCX0\">entrepreneur.e.s<\/span> <span class=\"NormalTextRun SpellingErrorV2Themed SCXW191084917 BCX0\">noir.e.s<\/span><span class=\"NormalTextRun SCXW191084917 BCX0\">.<\/span><\/p>\n<div style=\"text-align: center\">\n<iframe loading=\"lazy\" title=\"Day in the Life of a Black Entrepreneur | Part 3: Kudzaishe\" width=\"500\" height=\"281\" src=\"https:\/\/www.youtube.com\/embed\/CWYLqUoaeiw?feature=oembed\" frameborder=\"0\" allow=\"accelerometer; autoplay; clipboard-write; encrypted-media; gyroscope; picture-in-picture; web-share\" referrerpolicy=\"strict-origin-when-cross-origin\" allowfullscreen><\/iframe>\n<\/div>\n<h3><a href=\"http:\/\/www.youtube.com\/watch?v=0Xx4h-9W5pg\" target=\"_blank\" rel=\"noopener\"><span style=\"text-decoration: underline\">Arlene Ambrose, fondatrice de Arlene Ambrose Curated Health, Edmonton, Alberta<\/span><\/a><\/h3>\n<p><span class=\"TextRun SCXW185472848 BCX0\" lang=\"FR-CA\" xml_lang=\"FR-CA\" data-contrast=\"auto\"><span class=\"NormalTextRun SCXW185472848 BCX0\">D\u00e9couvrez <\/span><span class=\"NormalTextRun SpellingErrorV2Themed SCXW185472848 BCX0\">Arlene<\/span><span class=\"NormalTextRun SCXW185472848 BCX0\"> Ambrose de <a href=\"https:\/\/arleneambrose.ca\/\" target=\"_blank\" rel=\"noopener\"><strong>Arlene Ambrose Curated Health<\/strong><\/a> et apprenez comment vous pouvez faire passer votre entreprise au niveau sup\u00e9rieur en osant \u00ab faire le grand saut \u00bb. Elle vous dit pourquoi le mentorat est votre atout le plus important en tant qu\u2019<\/span><span class=\"NormalTextRun SpellingErrorV2Themed SCXW185472848 BCX0\">entrepreneur.e<\/span><\/span>.<\/p>\n<div style=\"text-align: center\">\n<iframe loading=\"lazy\" title=\"Day in the Life of a Black Entrepreneur | Arlene\" width=\"500\" height=\"281\" src=\"https:\/\/www.youtube.com\/embed\/gMb-Jr9ou7Y?feature=oembed\" frameborder=\"0\" allow=\"accelerometer; autoplay; clipboard-write; encrypted-media; gyroscope; picture-in-picture; web-share\" referrerpolicy=\"strict-origin-when-cross-origin\" allowfullscreen><\/iframe>\n<\/div>\n<p><span class=\"TextRun SCXW172537711 BCX0\" lang=\"FR-CA\" xml_lang=\"FR-CA\" data-contrast=\"auto\"><span class=\"NormalTextRun SCXW172537711 BCX0\">Dans le cadre du <\/span><span class=\"NormalTextRun SCXW172537711 BCX0\">P<\/span><span class=\"NormalTextRun SCXW172537711 BCX0\">rogramme<\/span><span class=\"NormalTextRun SCXW172537711 BCX0\"> de d\u00e9marrage pour <\/span><span class=\"NormalTextRun SpellingErrorV2Themed SCXW172537711 BCX0\">entrepreneur.e.s<\/span> <span class=\"NormalTextRun SpellingErrorV2Themed SCXW172537711 BCX0\">noir.e.s<\/span><span class=\"NormalTextRun SCXW172537711 BCX0\">, <\/span><\/span><span class=\"TextRun Highlight SCXW172537711 BCX0\" lang=\"FR-CA\" xml_lang=\"FR-CA\" data-contrast=\"auto\"><span class=\"NormalTextRun SCXW172537711 BCX0\" data-ccp-charstyle=\"normaltextrun\" data-ccp-charstyle-defn=\"{&quot;ObjectId&quot;:&quot;0b173cd7-7c77-4295-b70d-ab3c9546b864|5&quot;,&quot;ClassId&quot;:1073872969,&quot;Properties&quot;:[469775450,&quot;normaltextrun&quot;,201340122,&quot;1&quot;,134233614,&quot;true&quot;,469778129,&quot;normaltextrun&quot;,335572020,&quot;1&quot;,469778324,&quot;Default Paragraph Font&quot;]}\">nous nous <\/span><span class=\"NormalTextRun SCXW172537711 BCX0\" data-ccp-charstyle=\"normaltextrun\">engageons<\/span><span class=\"NormalTextRun SCXW172537711 BCX0\" data-ccp-charstyle=\"normaltextrun\"> \u00e0 <\/span><span class=\"NormalTextRun SCXW172537711 BCX0\" data-ccp-charstyle=\"normaltextrun\">faire conna\u00eetre<\/span><span class=\"NormalTextRun SCXW172537711 BCX0\" data-ccp-charstyle=\"normaltextrun\"> les exp\u00e9riences des jeunes <\/span><span class=\"NormalTextRun SpellingErrorV2Themed SCXW172537711 BCX0\" data-ccp-charstyle=\"normaltextrun\">entrepreneur<\/span><span class=\"NormalTextRun SpellingErrorV2Themed SCXW172537711 BCX0\" data-ccp-charstyle=\"normaltextrun\">.e<\/span><span class=\"NormalTextRun SCXW172537711 BCX0\" data-ccp-charstyle=\"normaltextrun\">.<\/span><span class=\"NormalTextRun SCXW172537711 BCX0\" data-ccp-charstyle=\"normaltextrun\">s<\/span> <span class=\"NormalTextRun SCXW172537711 BCX0\" data-ccp-charstyle=\"normaltextrun\">tout au long de l<\/span><span class=\"NormalTextRun SCXW172537711 BCX0\" data-ccp-charstyle=\"normaltextrun\">\u2019<\/span><span class=\"NormalTextRun SCXW172537711 BCX0\" data-ccp-charstyle=\"normaltextrun\">ann\u00e9e<\/span><span class=\"NormalTextRun SCXW172537711 BCX0\" data-ccp-charstyle=\"normaltextrun\">,<\/span> <span class=\"NormalTextRun SCXW172537711 BCX0\" data-ccp-charstyle=\"normaltextrun\">au moyen <\/span><span class=\"NormalTextRun SCXW172537711 BCX0\" data-ccp-charstyle=\"normaltextrun\">d<\/span><span class=\"NormalTextRun SCXW172537711 BCX0\" data-ccp-charstyle=\"normaltextrun\">\u2019<\/span><span class=\"NormalTextRun SCXW172537711 BCX0\" data-ccp-charstyle=\"normaltextrun\">initiatives <\/span><span class=\"NormalTextRun SCXW172537711 BCX0\" data-ccp-charstyle=\"normaltextrun\">comme<\/span><span class=\"NormalTextRun SCXW172537711 BCX0\" data-ccp-charstyle=\"normaltextrun\"> cette s\u00e9rie de vid\u00e9os, notre<\/span> <span class=\"NormalTextRun SpellingErrorV2Themed SCXW172537711 BCX0\" data-ccp-charstyle=\"normaltextrun\">balado<\/span><span class=\"NormalTextRun SCXW172537711 BCX0\" data-ccp-charstyle=\"normaltextrun\">, <\/span><span class=\"NormalTextRun SCXW172537711 BCX0\" data-ccp-charstyle=\"normaltextrun\">\u00ab\u2009<\/span><\/span><a class=\"Hyperlink SCXW172537711 BCX0\" href=\"https:\/\/open.spotify.com\/show\/5OEvXXRioZ6fYtCDJASJwn\" target=\"_blank\" rel=\"noreferrer noopener\"><span class=\"TextRun Highlight Underlined SCXW172537711 BCX0\" lang=\"FR-CA\" xml_lang=\"FR-CA\" data-contrast=\"auto\"><span class=\"NormalTextRun SCXW172537711 BCX0\" data-ccp-charstyle=\"normaltextrun\">Startup + Prosper<\/span><\/span><\/a><span class=\"TextRun Highlight Underlined SCXW172537711 BCX0\" lang=\"FR-CA\" xml_lang=\"FR-CA\" data-contrast=\"auto\"><span class=\"NormalTextRun SCXW172537711 BCX0\" data-ccp-charstyle=\"normaltextrun\">\u2009\u00bb<\/span><\/span><span class=\"TextRun Highlight SCXW172537711 BCX0\" lang=\"FR-CA\" xml_lang=\"FR-CA\" data-contrast=\"auto\"><span class=\"NormalTextRun SCXW172537711 BCX0\" data-ccp-charstyle=\"normaltextrun\">, et bien d<\/span><span class=\"NormalTextRun SCXW172537711 BCX0\" data-ccp-charstyle=\"normaltextrun\">\u2019<\/span><span class=\"NormalTextRun SCXW172537711 BCX0\" data-ccp-charstyle=\"normaltextrun\">autres<\/span> <span class=\"NormalTextRun SCXW172537711 BCX0\" data-ccp-charstyle=\"normaltextrun\">encore<\/span><\/span>.<\/p>\n<h2><strong><span class=\"TextRun SCXW156320892 BCX0\" lang=\"FR-CA\" xml_lang=\"FR-CA\" data-contrast=\"auto\"><span class=\"NormalTextRun SCXW156320892 BCX0\">B\u00e2tir un futur meilleur pour les <\/span><span class=\"NormalTextRun SpellingErrorV2Themed SCXW156320892 BCX0\">entrepreneur.e.s<\/span> <span class=\"NormalTextRun SpellingErrorV2Themed SCXW156320892 BCX0\">noir.e.s<\/span><\/span><\/strong><\/h2>\n<p><span data-contrast=\"auto\">Alors que nous r\u00e9fl\u00e9chissons aux deux derni\u00e8res ann\u00e9es et que nous c\u00e9l\u00e9brons le succ\u00e8s du Programme de d\u00e9marrage pour entrepreneur.e.s noir.e.s, financ\u00e9 par RBC avec un pr\u00eat suppl\u00e9mentaire de BDC, nous sommes plus que jamais d\u00e9termin\u00e9s \u00e0 donner les moyens d\u2019agir aux entrepreneur.e.s noir.e.s du Canada. Nous reconnaissons qu\u2019il reste encore beaucoup \u00e0 faire pour lever les obstacles syst\u00e9miques et soutenir ces jeunes, en particulier les femmes.<\/span><span data-ccp-props=\"{&quot;201341983&quot;:0,&quot;335559739&quot;:160,&quot;335559740&quot;:259}\">\u00a0<\/span><\/p>\n<p><span data-contrast=\"auto\">Soutenir les entrepreneur.e.s noir.e.s n&rsquo;est pas seulement une question d&rsquo;\u00e9quit\u00e9, c&rsquo;est aussi un imp\u00e9ratif pour l&rsquo;\u00e9conomie canadienne. En veillant \u00e0 ce que les entrepreneur.e.s noir.e.s aient acc\u00e8s au capital, au mentorat et aux ressources dont ils et elles ont besoin pour r\u00e9ussir, nous pouvons construire un avenir plus prosp\u00e8re et plus inclusif pour tous les entrepreneur.e.s du pays.\u00a0<\/span><span data-ccp-props=\"{&quot;201341983&quot;:0,&quot;335559739&quot;:160,&quot;335559740&quot;:259}\">\u00a0<\/span><\/p>\n<p><span data-contrast=\"auto\">Nous tenons \u00e0 exprimer notre gratitude \u00e0 tous nos partenaires et sympathisants qui ont contribu\u00e9 au succ\u00e8s du programme, en particulier RBC et BDC. Nous nous r\u00e9jouissons de poursuivre ce travail essentiel et de construire un avenir meilleur pour les entrepreneur.e.s noir.e.s au Canada.<\/span><span data-ccp-props=\"{&quot;201341983&quot;:0,&quot;335559739&quot;:160,&quot;335559740&quot;:259}\">\u00a0<\/span><\/p>\n<p><span data-contrast=\"auto\"><sup>1<\/sup><\/span><span data-contrast=\"auto\">Cukier, W., Mo, G. Y., Chavoushi, Z. H., Borova, B., Osten, V. (2022). <\/span><a href=\"https:\/\/wekh.ca\/wp-content\/uploads\/2022\/03\/PCFE_Etat_des_lieux_de_lentrepreneuriat_feminin_au_Canada_2022-1.pdf\"><span data-contrast=\"none\">\u00c9tat des lieux de l\u2019entrepreneuriat f\u00e9minin au Canada 2022, Portail de connaissances pour les femmes en entrepreneuriat, 2022.<\/span><\/a><\/p>\n","protected":false},"excerpt":{"rendered":"<p>Il y a deux ans, Futurpreneur a annonc\u00e9 une nouvelle collaboration financi\u00e8re avec la Banque Royale du Canada pour mettre en \u0153uvre le Programme de d\u00e9marrage pour les entrepreneur.es noir.es (PDEN), en s\u2019appuyant sur son partenariat de longue date avec la Banque de d\u00e9veloppement du Canada (BDC). Cette initiative a \u00e9t\u00e9 lanc\u00e9e afin d\u2019offrir un [&hellip;]<\/p>\n","protected":false},"author":3,"featured_media":1716,"comment_status":"closed","ping_status":"closed","sticky":false,"template":"","format":"standard","meta":{"_acf_changed":false,"footnotes":""},"categories":[18],"tags":[],"class_list":["post-3509","post","type-post","status-publish","format-standard","has-post-thumbnail","hentry","category-entrepreneuriat"],"acf":[],"_links":{"self":[{"href":"https:\/\/futurpreneur.ca\/fr\/wp-json\/wp\/v2\/posts\/3509","targetHints":{"allow":["GET"]}}],"collection":[{"href":"https:\/\/futurpreneur.ca\/fr\/wp-json\/wp\/v2\/posts"}],"about":[{"href":"https:\/\/futurpreneur.ca\/fr\/wp-json\/wp\/v2\/types\/post"}],"author":[{"embeddable":true,"href":"https:\/\/futurpreneur.ca\/fr\/wp-json\/wp\/v2\/users\/3"}],"replies":[{"embeddable":true,"href":"https:\/\/futurpreneur.ca\/fr\/wp-json\/wp\/v2\/comments?post=3509"}],"version-history":[{"count":0,"href":"https:\/\/futurpreneur.ca\/fr\/wp-json\/wp\/v2\/posts\/3509\/revisions"}],"wp:featuredmedia":[{"embeddable":true,"href":"https:\/\/futurpreneur.ca\/fr\/wp-json\/wp\/v2\/media\/1716"}],"wp:attachment":[{"href":"https:\/\/futurpreneur.ca\/fr\/wp-json\/wp\/v2\/media?parent=3509"}],"wp:term":[{"taxonomy":"category","embeddable":true,"href":"https:\/\/futurpreneur.ca\/fr\/wp-json\/wp\/v2\/categories?post=3509"},{"taxonomy":"post_tag","embeddable":true,"href":"https:\/\/futurpreneur.ca\/fr\/wp-json\/wp\/v2\/tags?post=3509"}],"curies":[{"name":"wp","href":"https:\/\/api.w.org\/{rel}","templated":true}]}}