{"id":3528,"date":"2021-09-24T16:07:58","date_gmt":"2021-09-24T20:07:58","guid":{"rendered":"https:\/\/futurpreneur.ca\/?p=3528"},"modified":"2024-02-13T11:55:49","modified_gmt":"2024-02-13T16:55:49","slug":"en-route-pour-milan-les-delegue-e-s-canadien-ne-s-se-prepare-pour-le-sommet-hybride-du-g20yea","status":"publish","type":"post","link":"https:\/\/futurpreneur.ca\/fr\/blog\/en-route-pour-milan-les-delegue-e-s-canadien-ne-s-se-prepare-pour-le-sommet-hybride-du-g20yea\/","title":{"rendered":"En route pour Milan\u202f: Les d\u00e9l\u00e9gu\u00e9.e.s canadien.ne.s se pr\u00e9pare pour le sommet hybride du G20YEA !"},"content":{"rendered":"<p><span data-contrast=\"auto\">La d\u00e9l\u00e9gation canadienne se pr\u00e9pare \u00e0 participer au sommet de l\u2019Alliance des jeunes\u00a0entrepreneur.e.s\u00a0G20\u00a0(G20 YEA)\u00a0les 5 et 6 octobre \u00e0 Milan, organis\u00e9 par\u00a0Confindustria\u00a0Giovani\u00a0Imprenditori, gr\u00e2ce \u00e0 notre partenaire Exportation et d\u00e9veloppement Canada (EDC) et avec le soutien du Service des d\u00e9l\u00e9gu\u00e9s commerciaux (SDC).\u00a0<\/span><span data-ccp-props=\"{&quot;201341983&quot;:0,&quot;335559739&quot;:160,&quot;335559740&quot;:259}\">\u00a0<\/span><\/p>\n<p><span data-contrast=\"auto\">Intitul\u00e9 Global Renaissance : Durabilit\u00e9, inclusion et innovation pour la prosp\u00e9rit\u00e9, les jeunes\u00a0entrepreneur.e.s\u00a0partiront \u00e0 la conqu\u00eate de sujets tels que l&rsquo;inclusion, le changement climatique et l&rsquo;innovation environnementale, ainsi que la num\u00e9risation et l&rsquo;avenir du travail.<\/span><span data-ccp-props=\"{&quot;201341983&quot;:0,&quot;335559739&quot;:160,&quot;335559740&quot;:259}\">\u00a0<\/span><\/p>\n<p><img loading=\"lazy\" decoding=\"async\" class=\" wp-image-60826 aligncenter\" src=\"https:\/\/futurpreneur.ca\/wp-content\/uploads\/2024\/02\/G20YEA-2021-Delegate-Postcard-IN-PERSON-1024x819.png\" alt=\"\" width=\"826\" height=\"661\" \/><\/p>\n<h2>La d\u00e9l\u00e9gation du G20 YEA en personne est annonc\u00e9e<\/h2>\n<p><span data-contrast=\"auto\">Compte tenu des r\u00e8glements actuels du COVID-19 et des restrictions de voyage, le sommet se d\u00e9roulera sous la forme d&rsquo;un \u00e9v\u00e9nement hybride. Au lieu que la d\u00e9l\u00e9gation compl\u00e8te du G20 YEA voyage vers les destinations h\u00f4tes, une \u00e9quipe de 13 d\u00e9l\u00e9gu\u00e9.e.s s\u00e9lectionn\u00e9.e.s repr\u00e9sentera la d\u00e9l\u00e9gation canadienne en personne \u00e0 Milan, dirig\u00e9e par le pr\u00e9sident du G20 YEA de Futurpreneur, <a href=\"https:\/\/www.linkedin.com\/in\/douimet\/\">Dan Ouimet<\/a>, et la sherpa, <\/span><a href=\"https:\/\/www.linkedin.com\/in\/m%C3%A9gane-visette-221b21127\/\"><span data-contrast=\"auto\">M\u00e9gane\u00a0<\/span><span data-contrast=\"none\">Visette<\/span><\/a><span data-contrast=\"auto\">.\u00a0Pendant ce temps, les 36 autres\u00a0d\u00e9l\u00e9gu\u00e9.e.s\u00a0participeront aux \u00e9v\u00e9nements du sommet et apporteront leur contribution cruciale \u00e0 distance depuis tout le Canada.<\/span><span data-ccp-props=\"{&quot;201341983&quot;:0,&quot;335559739&quot;:160,&quot;335559740&quot;:259}\">\u00a0<\/span><\/p>\n<p><span data-contrast=\"auto\">Apr\u00e8s m\u00fbre r\u00e9flexion, les 13 personnes qui ont \u00e9t\u00e9 s\u00e9lectionn\u00e9es pour participer en personne et repr\u00e9senter notre d\u00e9l\u00e9gation au sommet sont les suivantes :<\/span><span data-ccp-props=\"{&quot;201341983&quot;:0,&quot;335559739&quot;:160,&quot;335559740&quot;:259}\">\u00a0<\/span><\/p>\n<ul>\n<li><a href=\"https:\/\/www.linkedin.com\/in\/amanda-buhse\/\"><span data-contrast=\"auto\">Amanda\u00a0<\/span><span data-contrast=\"none\">Buhse<\/span><\/a><span data-contrast=\"auto\">\u00a0(MB),\u00a0<\/span><a href=\"https:\/\/www.coalandcanary.com\/\"><span data-contrast=\"none\">Coal and Canary Inc.<\/span><\/a><span data-ccp-props=\"{&quot;134233279&quot;:true,&quot;201341983&quot;:0,&quot;335559739&quot;:160,&quot;335559740&quot;:259}\">\u00a0<\/span><\/li>\n<li><a href=\"https:\/\/www.linkedin.com\/in\/amandacupido\/\"><span data-contrast=\"none\">Amanda Cupido<\/span><\/a><span data-contrast=\"auto\">\u00a0(ON),\u00a0<\/span><a href=\"https:\/\/www.leadpodcasting.com\/\"><span data-contrast=\"none\">Lead Podcasting<\/span><\/a><span data-ccp-props=\"{&quot;134233279&quot;:true,&quot;201341983&quot;:0,&quot;335559739&quot;:160,&quot;335559740&quot;:259}\">\u00a0<\/span><\/li>\n<li><a href=\"https:\/\/www.linkedin.com\/in\/andrea-gomez-b9551a107\/\"><span data-contrast=\"none\">Andrea Gomez<\/span><\/a><span data-contrast=\"auto\">\u00a0(QC),\u00a0<\/span><a href=\"https:\/\/omycosmetics.com\/\"><span data-contrast=\"none\">OMY\u00a0Laboratoires<\/span><\/a><span data-ccp-props=\"{&quot;134233279&quot;:true,&quot;201341983&quot;:0,&quot;335559739&quot;:160,&quot;335559740&quot;:259}\">\u00a0<\/span><\/li>\n<li><a href=\"https:\/\/www.linkedin.com\/in\/awallacemsc\/\"><span data-contrast=\"none\">Angela Wallace<\/span><\/a><span data-contrast=\"auto\">\u00a0(ON),\u00a0<\/span><a href=\"http:\/\/www.angelawallace.ca\/\"><span data-contrast=\"none\">Angela Wallace Impact Agency<\/span><\/a><span data-ccp-props=\"{&quot;134233279&quot;:true,&quot;201341983&quot;:0,&quot;335559739&quot;:160,&quot;335559740&quot;:259}\">\u00a0<\/span><\/li>\n<li><a href=\"https:\/\/www.linkedin.com\/in\/annie-cyr-aa244860\/\"><span data-contrast=\"none\">Annie Cyr<\/span><\/a><span data-contrast=\"auto\">\u00a0(QC),\u00a0<\/span><a href=\"https:\/\/www.tengiva.com\/\"><span data-contrast=\"none\">Tengiva<\/span><\/a><span data-ccp-props=\"{&quot;134233279&quot;:true,&quot;201341983&quot;:0,&quot;335559739&quot;:160,&quot;335559740&quot;:259}\">\u00a0<\/span><\/li>\n<li><a href=\"https:\/\/www.linkedin.com\/in\/hiaudrey\/\"><span data-contrast=\"none\">Audrey Charles<\/span><\/a><span data-contrast=\"auto\">\u00a0(AB),\u00a0<\/span><a href=\"https:\/\/welcometocbs.com\/\"><span data-contrast=\"none\">Convenient Business Solutions Inc.<\/span><\/a><span data-ccp-props=\"{&quot;134233279&quot;:true,&quot;201341983&quot;:0,&quot;335559739&quot;:160,&quot;335559740&quot;:259}\">\u00a0<\/span><\/li>\n<li><a href=\"https:\/\/www.linkedin.com\/in\/isabelle-leblond-happyhotels\/\"><span data-contrast=\"auto\">Isabelle\u00a0<\/span><span data-contrast=\"none\">Leblond<\/span><\/a><span data-contrast=\"auto\">\u00a0(QC),\u00a0<\/span><a href=\"https:\/\/www.happyhotels.ca\/\"><span data-contrast=\"auto\">La Technologie Happy H\u00f4tels<\/span><span data-contrast=\"none\">\u00a0Inc.<\/span><\/a><span data-ccp-props=\"{&quot;134233279&quot;:true,&quot;201341983&quot;:0,&quot;335559739&quot;:160,&quot;335559740&quot;:259}\">\u00a0<\/span><\/li>\n<li><a href=\"https:\/\/www.linkedin.com\/in\/jean-s%C3%A9bastien-bouchard-103b3922\/\"><span data-contrast=\"none\">Jean-S\u00e9bastien Bouchard<\/span><\/a><span data-contrast=\"auto\">\u00a0(QC),\u00a0<\/span><a href=\"http:\/\/www.synecdo.com\/\"><span data-contrast=\"none\">SYNECDO<\/span><\/a><span data-ccp-props=\"{&quot;134233279&quot;:true,&quot;201341983&quot;:0,&quot;335559739&quot;:160,&quot;335559740&quot;:259}\">\u00a0<\/span><\/li>\n<li><a href=\"https:\/\/www.linkedin.com\/in\/mathewmozaffari\/\"><span data-contrast=\"auto\">Mathew\u00a0<\/span><span data-contrast=\"none\">Mozaffari<\/span><\/a><span data-contrast=\"auto\">\u00a0(ON),\u00a0<\/span><a href=\"http:\/\/www.speer.io\/\"><span data-contrast=\"none\">Speer Technologies<\/span><\/a><span data-ccp-props=\"{&quot;134233279&quot;:true,&quot;201341983&quot;:0,&quot;335559739&quot;:160,&quot;335559740&quot;:259}\">\u00a0<\/span><\/li>\n<li><a href=\"https:\/\/www.linkedin.com\/in\/nicholas-lavalle-3a768b117\/\"><span data-contrast=\"auto\">Nicholas\u00a0<\/span><span data-contrast=\"none\">Lavalle<\/span><\/a><span data-contrast=\"auto\">\u00a0(NS),\u00a0<\/span><a href=\"http:\/\/www.cleanvalleycic.com\/\"><span data-contrast=\"none\">Clean Valley Bio-filtration Technologies CIC<\/span><\/a><span data-ccp-props=\"{&quot;134233279&quot;:true,&quot;201341983&quot;:0,&quot;335559739&quot;:160,&quot;335559740&quot;:259}\">\u00a0<\/span><\/li>\n<li><a href=\"https:\/\/www.linkedin.com\/in\/ramin-e-86755530\/\"><span data-contrast=\"auto\">Ramin\u00a0<\/span><span data-contrast=\"none\">Estifaie<\/span><\/a><span data-contrast=\"auto\">\u00a0(BC),\u00a0<\/span><a href=\"https:\/\/csnpharma.com\/\"><span data-contrast=\"none\">CSN Pharma<\/span><\/a><span data-ccp-props=\"{&quot;134233279&quot;:true,&quot;201341983&quot;:0,&quot;335559739&quot;:160,&quot;335559740&quot;:259}\">\u00a0<\/span><\/li>\n<li><span data-contrast=\"auto\">Sierra\u00a0Lathlin\u00a0(MB),\u00a0<\/span><a href=\"http:\/\/www.thebarkerydogtreats.com\/\"><span data-contrast=\"auto\">The\u00a0Barkery<\/span><span data-contrast=\"none\">\u00a0Dog Treats<\/span><\/a><span data-ccp-props=\"{&quot;134233279&quot;:true,&quot;201341983&quot;:0,&quot;335559739&quot;:160,&quot;335559740&quot;:259}\">\u00a0<\/span><\/li>\n<li><a href=\"https:\/\/www.linkedin.com\/in\/taina-dinapoli-coffeequeen\/\"><span data-contrast=\"auto\">Ta\u00efna<\/span><span data-contrast=\"none\">\u00a0Chalifoux<\/span><\/a><span data-contrast=\"auto\">\u00a0(QC),\u00a0<\/span><a href=\"http:\/\/www.dinapoli.ca\/\"><span data-contrast=\"auto\">DiNapoli\u00a0<\/span><span data-contrast=\"none\">Caff\u00e8<\/span><\/a><span data-ccp-props=\"{&quot;134233279&quot;:true,&quot;201341983&quot;:0,&quot;335559739&quot;:160,&quot;335559740&quot;:259}\">\u00a0<\/span><\/li>\n<\/ul>\n<p><a href=\"https:\/\/futurpreneur.ca\/fr\/landing-pages\/g20-yea-2021\/\"><span data-contrast=\"none\">Les biographies compl\u00e8tes de nos d\u00e9l\u00e9gu\u00e9.e.s en personne et virtuels sont disponibles ici.<\/span><\/a><\/p>\n<p><span data-contrast=\"auto\">Trois\u00a0d\u00e9l\u00e9gu\u00e9.e.s\u00a0ont \u00e9galement \u00e9t\u00e9\u00a0s\u00e9lectionn\u00e9.e.s\u00a0par nos h\u00f4tes italiens et le partenaire du Sommet, Accenture, pour intervenir lors des panels mondiaux du Sommet : <strong>Annie Cyr, Jean-S\u00e9bastien Bouchard et\u00a0Reneta\u00a0Johnson<\/strong>.<\/span><span data-ccp-props=\"{&quot;201341983&quot;:0,&quot;335559739&quot;:160,&quot;335559740&quot;:259}\">\u00a0<\/span><\/p>\n<h2>Activit\u00e9s pr\u00e9-sommet G20 YEA 2021<\/h2>\n<p><span data-contrast=\"auto\">Au cours de l&rsquo;\u00e9t\u00e9, notre d\u00e9l\u00e9gation a pris part \u00e0 des r\u00e9unions consultatives de groupes de travail dirig\u00e9es par\u00a0Futurpreneur\u00a0et par ceux qui ont fait partie des anciens G20 YEA et qui dirigent les groupes de travail : Steph Limage (piste Num\u00e9risation, innovation et avenir du travail),\u00a0Ghalia\u00a0Aamer\u00a0(piste Inclusion et \u00e9galit\u00e9 des chances) et Nina\u00a0Lantinga\u00a0(piste Durabilit\u00e9, changement climatique et \u00e9nergie).\u00a0<\/span><span data-ccp-props=\"{&quot;201341983&quot;:0,&quot;335559739&quot;:160,&quot;335559740&quot;:259}\">\u00a0<\/span><\/p>\n<p><span data-contrast=\"auto\">Les\u00a0d\u00e9l\u00e9gu\u00e9.e.s\u00a0ont eu l&rsquo;occasion de rencontrer et d&rsquo;apprendre de diverses organisations, dont la d\u00e9l\u00e9gation\u00a0Jeunesse20\u00a0(Y20)\u00a0dirig\u00e9e par les Jeunes Diplomates du Canada, le W20,\u00a0G(irls)20,\u00a0le YWCA et le Conseil \u00e9conomique des femmes (WEC). Au cours de ces rencontres, les\u00a0d\u00e9l\u00e9gu\u00e9.e.s\u00a0ont pu pr\u00e9senter les priorit\u00e9s des jeunes\u00a0entrepreneur.e.s\u00a0canadien.ne.s\u00a0sous les th\u00e8mes du Sommet et du Communiqu\u00e9 2021.<\/span><span data-ccp-props=\"{&quot;201341983&quot;:0,&quot;335559739&quot;:160,&quot;335559740&quot;:259}\">\u00a0<\/span><\/p>\n<p><span data-contrast=\"auto\">La d\u00e9l\u00e9gation canadienne a en outre\u00a0b\u00e9n\u00e9fici\u00e9\u00a0des sessions virtuelles suivantes :<\/span><span data-ccp-props=\"{&quot;201341983&quot;:0,&quot;335559739&quot;:160,&quot;335559740&quot;:259}\">\u00a0<\/span><\/p>\n<ul>\n<li data-leveltext=\"\uf0b7\" data-font=\"Symbol\" data-listid=\"5\" data-aria-posinset=\"1\" data-aria-level=\"1\"><span data-contrast=\"auto\">L\u2019Office de la propri\u00e9t\u00e9 intellectuelle du Canada\u00a0(OPIC) a\u00a0pr\u00e9sent\u00e9\u00a0\u00e0 nos\u00a0d\u00e9l\u00e9gu\u00e9.e.s\u00a0l&rsquo;importance de la protection de la propri\u00e9t\u00e9 intellectuelle au Canada et \u00e0 l&rsquo;\u00e9tranger. Pour plus d&rsquo;informations sur le OPIC,\u00a0<\/span><a href=\"http:\/\/www.ic.gc.ca\/eic\/siTe\/cipointernet-internetopic.nsf\/fra\/accueil\"><span data-contrast=\"auto\">cliquez ici.<\/span><\/a><\/li>\n<li data-leveltext=\"\uf0b7\" data-font=\"Symbol\" data-listid=\"5\" data-aria-posinset=\"2\" data-aria-level=\"1\"><span data-contrast=\"auto\">L&rsquo;\u00e9quipe du commerce inclusif d&rsquo;EDC, l&rsquo;un de nos partenaires de la d\u00e9l\u00e9gation 2021, a \u00e9galement inform\u00e9 nos\u00a0d\u00e9l\u00e9gu\u00e9.e.s\u00a0sur le pitch et la proposition de valeur, le financement de la croissance internationale, et la vari\u00e9t\u00e9 des services d&rsquo;EDC disponibles pour les jeunes\u00a0entrepreneur.e.s\u00a0et les PME, en particulier les femmes et les\u00a0entrepreneur.e.s\u00a0de diff\u00e9rentes communaut\u00e9s.\u00a0Pour plus d&rsquo;informations sur EDC,\u00a0<\/span><a href=\"https:\/\/www.edc.ca\/fr\/accueil.html\"><span data-contrast=\"none\">cliquez ici.<\/span><\/a><span data-ccp-props=\"{&quot;134233279&quot;:true,&quot;201341983&quot;:0,&quot;335559739&quot;:160,&quot;335559740&quot;:259}\">\u00a0<\/span><\/li>\n<li data-leveltext=\"\uf0b7\" data-font=\"Symbol\" data-listid=\"5\" data-aria-posinset=\"3\" data-aria-level=\"1\"><span data-contrast=\"auto\">Le Service des\u00a0d\u00e9l\u00e9gu\u00e9s\u00a0commerciaux continue \u00e0 fournir des ressources et un soutien significatif \u00e0 nos\u00a0d\u00e9l\u00e9gu\u00e9.e.s\u00a0qui cherchent \u00e0 exporter et \u00e0 commercer en Italie, ainsi que dans d&rsquo;autres pays du G20.\u00a0Pour plus d&rsquo;informations sur le SDC,\u00a0<\/span><a href=\"https:\/\/www.deleguescommerciaux.gc.ca\/index.aspx?lang=fra\"><span data-contrast=\"none\">cliquez ici.<\/span><\/a><span data-ccp-props=\"{&quot;134233279&quot;:true,&quot;201341983&quot;:0,&quot;335559739&quot;:160,&quot;335559740&quot;:259}\">\u00a0<\/span><\/li>\n<\/ul>\n<h2>\u00c0 propos du G20 YEA<\/h2>\n<p><span data-contrast=\"auto\">Afin de maximiser le potentiel de transformation des esprits les plus brillants de l&rsquo;entrepreneuriat des\u00a0jeunes\u00a0\u00e0 travers le monde, le sommet G20 YEA a \u00e9t\u00e9 lanc\u00e9 en 2010 \u00e0 Toronto. Les jeunes ont \u00e9t\u00e9 r\u00e9unis pour formuler des recommandations concernant l&rsquo;agenda mondial de l&rsquo;entrepreneuriat discut\u00e9 lors des sommets du G20 et du G7.\u00a0Suite au\u00a0succ\u00e8s retentissant de la conf\u00e9rence, le sommet annuel G20 YEA a \u00e9t\u00e9 lanc\u00e9, et\u00a0Futurpreneur\u00a0a \u00e9t\u00e9 choisi pour repr\u00e9senter la d\u00e9l\u00e9gation canadienne. Au fil des ans, les sommets ont contribu\u00e9 \u00e0 influencer des sujets tels que les obstacles au capital, les comp\u00e9tences et la formation entrepreneuriale, le libre-\u00e9change, les mod\u00e8les\u00a0d&rsquo;entreprises\u00a0durables et bien d&rsquo;autres encore.<\/span><span data-ccp-props=\"{&quot;201341983&quot;:0,&quot;335559739&quot;:160,&quot;335559740&quot;:259}\">\u00a0<\/span><\/p>\n<p><a href=\"https:\/\/futurpreneur.ca\/fr\/landing-pages\/g20-yea-2021\/\"><span data-contrast=\"none\">Pour en savoir plus sur le G20 YEA, cliquez ici.\u00a0<\/span><\/a><\/p>\n","protected":false},"excerpt":{"rendered":"<p>La d\u00e9l\u00e9gation canadienne se pr\u00e9pare \u00e0 participer au sommet de l\u2019Alliance des jeunes\u00a0entrepreneur.e.s\u00a0G20\u00a0(G20 YEA)\u00a0les 5 et 6 octobre \u00e0 Milan, organis\u00e9 par\u00a0Confindustria\u00a0Giovani\u00a0Imprenditori, gr\u00e2ce \u00e0 notre partenaire Exportation et d\u00e9veloppement Canada (EDC) et avec le soutien du Service des d\u00e9l\u00e9gu\u00e9s commerciaux (SDC).\u00a0\u00a0 Intitul\u00e9 Global Renaissance : Durabilit\u00e9, inclusion et innovation pour la prosp\u00e9rit\u00e9, les jeunes\u00a0entrepreneur.e.s\u00a0partiront \u00e0 [&hellip;]<\/p>\n","protected":false},"author":3,"featured_media":1781,"comment_status":"closed","ping_status":"closed","sticky":false,"template":"","format":"standard","meta":{"_acf_changed":false,"footnotes":""},"categories":[19],"tags":[],"class_list":["post-3528","post","type-post","status-publish","format-standard","has-post-thumbnail","hentry","category-futurpreneurs-et-partenaires"],"acf":[],"_links":{"self":[{"href":"https:\/\/futurpreneur.ca\/fr\/wp-json\/wp\/v2\/posts\/3528","targetHints":{"allow":["GET"]}}],"collection":[{"href":"https:\/\/futurpreneur.ca\/fr\/wp-json\/wp\/v2\/posts"}],"about":[{"href":"https:\/\/futurpreneur.ca\/fr\/wp-json\/wp\/v2\/types\/post"}],"author":[{"embeddable":true,"href":"https:\/\/futurpreneur.ca\/fr\/wp-json\/wp\/v2\/users\/3"}],"replies":[{"embeddable":true,"href":"https:\/\/futurpreneur.ca\/fr\/wp-json\/wp\/v2\/comments?post=3528"}],"version-history":[{"count":0,"href":"https:\/\/futurpreneur.ca\/fr\/wp-json\/wp\/v2\/posts\/3528\/revisions"}],"wp:featuredmedia":[{"embeddable":true,"href":"https:\/\/futurpreneur.ca\/fr\/wp-json\/wp\/v2\/media\/1781"}],"wp:attachment":[{"href":"https:\/\/futurpreneur.ca\/fr\/wp-json\/wp\/v2\/media?parent=3528"}],"wp:term":[{"taxonomy":"category","embeddable":true,"href":"https:\/\/futurpreneur.ca\/fr\/wp-json\/wp\/v2\/categories?post=3528"},{"taxonomy":"post_tag","embeddable":true,"href":"https:\/\/futurpreneur.ca\/fr\/wp-json\/wp\/v2\/tags?post=3528"}],"curies":[{"name":"wp","href":"https:\/\/api.w.org\/{rel}","templated":true}]}}