{"id":3558,"date":"2019-11-27T21:55:39","date_gmt":"2019-11-28T02:55:39","guid":{"rendered":"https:\/\/futurpreneur.ca\/?p=3558"},"modified":"2024-02-09T12:04:30","modified_gmt":"2024-02-09T17:04:30","slug":"celebrons-la-semaine-mondiale-de-lentrepreneuriat-2019","status":"publish","type":"post","link":"https:\/\/futurpreneur.ca\/fr\/blog\/celebrons-la-semaine-mondiale-de-lentrepreneuriat-2019\/","title":{"rendered":"C\u00e9l\u00e9brons la Semaine mondiale de l&#8217;entrepreneuriat 2019"},"content":{"rendered":"<p>En novembre, le Canada \u00e9tait en pleine \u00e9bullition pour la <a href=\"https:\/\/futurpreneur.ca\/fr\/initiatives\/gew-canada\/\" target=\"_blank\" rel=\"noopener noreferrer\">Semaine mondiale de l&rsquo;entrepreneuriat (SME) 2019<\/a>, rejoignant plus de 170 pays dans le cadre de la plus grande c\u00e9l\u00e9bration de l&rsquo;entrepreneuriat.<\/p>\n<p>SME 2019 \u00e9tait l\u2019occasion de se r\u00e9unir autour des th\u00e8mes de l&rsquo;\u00e9ducation, des \u00e9cosyst\u00e8mes, de l&rsquo;inclusion et des politiques. En tant qu&rsquo;h\u00f4te national, Futurpreneur Canada c\u00e9l\u00e9bra la SME avec un calendrier d&rsquo;\u00e9v\u00e9nements en ligne et en personne organis\u00e9s dans tout le pays, y compris le fameux d\u00e9fi annuel : SME D\u00e9fi communautaire.<\/p>\n<p>Retour sur la SME 2019 au Canada.<\/p>\n<p>&nbsp;<\/p>\n<h2><strong>D\u00e9fi communautaire SME<\/strong><\/h2>\n<p>Les entrepreneurs, les propri\u00e9taires de petites entreprises et les collectivit\u00e9s du pays ont \u00e9t\u00e9 invit\u00e9s \u00e0 participer au D\u00e9fi communautaire SME annuel par Futurpreneur Canada. Les membres de l&rsquo;\u00e9cosyst\u00e8me entrepreneurial ont \u00e9t\u00e9 invit\u00e9s \u00e0 organiser et \u00e0 inscrire leurs \u00e9v\u00e9nements SME pour \u00eatre en lice pour le titre de <em>La ville la plus entrepreneuriale au Canada.<\/em><\/p>\n<p>Sur la base du nombre d\u2019\u00e9v\u00e9nements enregistr\u00e9s par habitant organis\u00e9s durant la SME, nous sommes ravis d\u2019annoncer que la ville la plus entrepreneuriale au Canada en 2019 est\u2026<\/p>\n<p>&nbsp;<\/p>\n<p style=\"text-align: center\"><strong><em>Fredericton, Nouveau-Brunswick<\/em><\/strong><\/p>\n<p>&nbsp;<\/p>\n<p>F\u00e9licitations \u00e0 la communaut\u00e9 de Fredericton pour cette r\u00e9alisation &#8211; un t\u00e9moignage de votre passion et de votre soutien \u00e0 l\u2019esprit d\u2019entreprise!<\/p>\n<p>&nbsp;<\/p>\n<p>Mention sp\u00e9ciale pour Montr\u00e9al qui a accueilli le plus grand nombre d&rsquo;\u00e9v\u00e9nements par ville avec un total de 50 \u00e9v\u00e9nements au cours de GEW\/SME!<\/p>\n<p>&nbsp;<\/p>\n<h2><strong>Laur\u00e9ats des Prix Futurpreneur Canada 2019<\/strong><\/h2>\n<p>Apr\u00e8s un nombre record de 5 900 votes, nous avons lanc\u00e9 la Semaine mondiale de l\u2019entrepreneuriat 2019 avec l&rsquo;annonce de nos gagnants des Prix Futurpreneur Canada 2019. Les entrepreneurs et mentors b\u00e9n\u00e9voles soutenus par Futurpreneur ont \u00e9t\u00e9 reconnus pour leur leadership, leur innovation et leur contribution positive \u00e0 l&rsquo;entrepreneuriat et aux petites entreprises.<\/p>\n<p>Rencontrez nos laur\u00e9ats 2019 <a href=\"https:\/\/futurpreneur.ca\/fr\/futurpreneur-awards-2019\/\">ici<\/a><\/p>\n<p><img loading=\"lazy\" decoding=\"async\" class=\"aligncenter size-large wp-image-56194\" src=\"https:\/\/futurpreneur.ca\/wp-content\/uploads\/2024\/02\/ENTREPRENEUR-O-f-THE-YEAR-grow-ing-strong-disr-uption-grit-men-tor-entreprene-ur-of-the-year-g-owing-strong-d-isruption-grit-m-entor-entrepre.png\" alt=\"\" width=\"1024\" height=\"512\" \/><\/p>\n<p>&nbsp;<\/p>\n<h2><strong>Trailblazers\u00a0: GEW\/SME<\/strong><\/h2>\n<p>L&rsquo;honorable Mary Ng, Ministre de la Petite entreprise, de la promotion des exportations et du commerce international, s&rsquo;est jointe \u00e0 nous \u00e0 Ottawa pour c\u00e9l\u00e9brer l&rsquo;entrepreneuriat lors de l\u2019\u00e9v\u00e9nement <a href=\"https:\/\/futurpreneur.ca\/fr\/trailblazers-gew\/\">Trailblazers : GEW\/SME<\/a>. Organis\u00e9 au si\u00e8ge de <a href=\"https:\/\/www.shopify.ca\/\">Shopify<\/a>, en partenariat avec la <a href=\"https:\/\/www.bdc.ca\/fr\/pages\/accueil.aspx\">Banque de d\u00e9veloppement du Canada<\/a>, notre s\u00e9rie de conf\u00e9rences, a permis \u00e0 des jeunes entrepreneurs d\u2019Ottawa d\u2019\u00e9changer sur leurs voyages d\u2019affaires et sur l\u2019importance de favoriser l\u2019inclusion dans l\u2019entrepreneuriat.<\/p>\n<p>Un grand merci \u00e0 nos conf\u00e9renci\u00e8res: Nita Tandon de <a href=\"https:\/\/dalcinistainless.com\/\">Dalcini Inc<\/a>., Dr Shayne Young <a href=\"https:\/\/www.activehealthinstitute.com\/\">d\u2019Active Health Institute<\/a>, Maria Rasouli <a href=\"https:\/\/escapebicycletours.ca\/\">d\u2019Escape Bicycle Tours and Rentals<\/a> et Liz Mok <a href=\"https:\/\/www.mooshuicecream.com\/\">Moo Shu Ice Cream.<\/a> Un merci tout particulier \u00e0 notre mod\u00e9ratrice Dorothy Rhau, entrepreneure sociale et humoriste.<\/p>\n<p><img loading=\"lazy\" decoding=\"async\" class=\"aligncenter size-large wp-image-56200\" src=\"https:\/\/futurpreneur.ca\/wp-content\/uploads\/2024\/02\/0A1A0685-1024x683.jpg\" alt=\"\" width=\"1024\" height=\"683\" \/> <img loading=\"lazy\" decoding=\"async\" class=\"aligncenter size-large wp-image-56201\" src=\"https:\/\/futurpreneur.ca\/wp-content\/uploads\/2024\/02\/0A1A1151-1024x683.jpg\" alt=\"\" width=\"1024\" height=\"683\" \/><\/p>\n<h3><\/h3>\n<h2><strong>#GetFinLit<\/strong><\/h2>\n<p><img loading=\"lazy\" decoding=\"async\" class=\"aligncenter size-large wp-image-56188\" src=\"https:\/\/futurpreneur.ca\/wp-content\/uploads\/2024\/02\/GEW19-FinLit-1024x536.jpg\" alt=\"\" width=\"1024\" height=\"536\" \/><\/p>\n<p>En novembre, parall\u00e8lement \u00e0 la SME, le mois de la litt\u00e9ratie financi\u00e8re nous a donn\u00e9 l\u2019occasion de partager des connaissances et des id\u00e9es cl\u00e9s sur la gestion financi\u00e8re en tant que chefs d\u2019entreprise dans notre s\u00e9rie de vid\u00e9os sur Instagram TV #GetFinLit.<\/p>\n<p><strong>Voici le r\u00e9cap\u2019 des sujets et de nos invit\u00e9s vedettes :<\/strong><\/p>\n<p>&nbsp;<\/p>\n<p><strong><em>Quand \u00eates-vous pr\u00eat financi\u00e8rement \u00e0 lancer une entreprise? En anglais<\/em><\/strong><\/p>\n<p>Carolyn Crewe et Josh Beitel, \u00a0Duckish Natural Skincare<\/p>\n<p>@duckishnaturalskincare<\/p>\n<p>&nbsp;<\/p>\n<p><strong><em>Comment maintenir un bon score de cr\u00e9dit?<\/em><\/strong><\/p>\n<p>Ta\u00efna Di Napoli, Di Napoli Caf\u00e9<\/p>\n<p>@coffeequeen_official<\/p>\n<p>&nbsp;<\/p>\n<p><strong><em>Outils pour g\u00e9rer les finances de votre entreprise En anglais<\/em><\/strong><\/p>\n<p>Tariq Al-Barwani, Plentea<\/p>\n<p>@plentea_canada<\/p>\n<p>&nbsp;<\/p>\n<p><strong><em>Comment un outil de gestion financi\u00e8re peut aider votre entreprise. En anglais<\/em><\/strong><\/p>\n<p>Melika Hope, Intuit QuickBooks Canada<\/p>\n<p>@quickbooksca<\/p>\n<p>&nbsp;<\/p>\n<p>Regardez la s\u00e9rie <a href=\"https:\/\/www.instagram.com\/futurpreneur\/channel\/\">ici<\/a><\/p>\n<p>&nbsp;<\/p>\n<h2><strong>Histoires d&rsquo;entreprise sociale<\/strong><\/h2>\n<p>Nous \u00e9tions ravis de nous associer \u00e0 Enactus Canada et \u00e0 League of Innovators pour un \u00e9v\u00e9nement sp\u00e9cial de la SME \u00e0 Vancouver, \u00ab\u00a0Social Enterprise Stories\u00a0\u00bb.<\/p>\n<p>Trady, Blyth Gill, propri\u00e9taire et fondateur de Blyth Gill, fondateur du service de v\u00eatements circulaires z\u00e9ro d\u00e9chet, a rejoint un panel de propri\u00e9taires de petites entreprises locales qui ont utilis\u00e9 leur sens de l&rsquo;entrepreneuriat pour aoir un impact social dans leur collectivit\u00e9s.<\/p>\n<p>&nbsp;<\/p>\n<p><img loading=\"lazy\" decoding=\"async\" class=\"aligncenter size-large wp-image-56189\" src=\"https:\/\/futurpreneur.ca\/wp-content\/uploads\/2024\/02\/GEW-event-photo-Vancouver-1024x768.jpg\" alt=\"\" width=\"1024\" height=\"768\" \/><\/p>\n<p>&nbsp;<\/p>\n<h2><strong>Rendez-vous R\u00e9seau M 2019<\/strong><\/h2>\n<p>\u00c0 Montr\u00e9al, en partenariat avec R\u00e9seau M, nous organisions\u00a0<a href=\"https:\/\/rendezvousreseaum.com\/sessions\/les-outils-pour-reussir\/\">Rendez-vous R\u00e9seau M 2019<\/a>. M\u00e9gane Visette, Sherpa de <a href=\"https:\/\/futurpreneur.ca\/en\/initiatives\/g20-yea\/\">l&rsquo;Alliance des jeunes entrepreneurs (YEA) du G20<\/a> de Futurpreneur Canada, en compagnie de l\u2019Alumni Alexandra Hamel, a pris la parole pour parler de la croissance internationale et repr\u00e9senter l&rsquo;entrepreneuriat qu\u00e9b\u00e9cois sur la sc\u00e8ne mondiale.<\/p>\n<p>&nbsp;<\/p>\n<h2><strong>Pitch perfect<\/strong><\/h2>\n<p>De nouveaux entrepreneurs en herbe se sont r\u00e9unis \u00e0 <a href=\"https:\/\/www.spacesworks.com\/fr-ca\/toronto\/queen-west\/\">Spaces Queen West<\/a> \u00e0 Toronto pour participer au concours Pitch Perfect, qui permet \u00e0 deux entreprises de gagner un prix de 1 000 $, gr\u00e2ce \u00e0 notre partenaire <a href=\"https:\/\/www.trushieldinsurance.ca\/\">TruShield Insurance<\/a>.<\/p>\n<p>Apr\u00e8s deux tours de terrain, nous avons f\u00e9licit\u00e9 Afnan Attia de Snuggles n Bubbles, qui devrait bient\u00f4t \u00eatre lanc\u00e9, et Max Gajdel, de l\u2019entreprise en plein essor <a href=\"http:\/\/textstan.com\/\">Stan A.I.<\/a><\/p>\n<p><img loading=\"lazy\" decoding=\"async\" class=\"aligncenter size-full wp-image-56191\" src=\"https:\/\/futurpreneur.ca\/wp-content\/uploads\/2024\/02\/GEW19-Pitch01.jpg\" alt=\"\" width=\"656\" height=\"438\" \/> <img loading=\"lazy\" decoding=\"async\" class=\"aligncenter size-full wp-image-56190\" src=\"https:\/\/futurpreneur.ca\/wp-content\/uploads\/2024\/02\/GEW19-Pitch02.jpg\" alt=\"\" width=\"656\" height=\"438\" \/><\/p>\n<p>Merci \u00e0 tous ceux qui se sont joints \u00e0 nous pour c\u00e9l\u00e9brer la Semaine mondiale de l\u2019enterpreneuriat 2019!<\/p>\n","protected":false},"excerpt":{"rendered":"<p>En novembre, le Canada \u00e9tait en pleine \u00e9bullition pour la Semaine mondiale de l&rsquo;entrepreneuriat (SME) 2019, rejoignant plus de 170 pays dans le cadre de la plus grande c\u00e9l\u00e9bration de l&rsquo;entrepreneuriat. SME 2019 \u00e9tait l\u2019occasion de se r\u00e9unir autour des th\u00e8mes de l&rsquo;\u00e9ducation, des \u00e9cosyst\u00e8mes, de l&rsquo;inclusion et des politiques. En tant qu&rsquo;h\u00f4te national, Futurpreneur [&hellip;]<\/p>\n","protected":false},"author":3,"featured_media":1885,"comment_status":"closed","ping_status":"closed","sticky":false,"template":"","format":"standard","meta":{"_acf_changed":false,"footnotes":""},"categories":[19],"tags":[],"class_list":["post-3558","post","type-post","status-publish","format-standard","has-post-thumbnail","hentry","category-futurpreneurs-et-partenaires"],"acf":[],"_links":{"self":[{"href":"https:\/\/futurpreneur.ca\/fr\/wp-json\/wp\/v2\/posts\/3558","targetHints":{"allow":["GET"]}}],"collection":[{"href":"https:\/\/futurpreneur.ca\/fr\/wp-json\/wp\/v2\/posts"}],"about":[{"href":"https:\/\/futurpreneur.ca\/fr\/wp-json\/wp\/v2\/types\/post"}],"author":[{"embeddable":true,"href":"https:\/\/futurpreneur.ca\/fr\/wp-json\/wp\/v2\/users\/3"}],"replies":[{"embeddable":true,"href":"https:\/\/futurpreneur.ca\/fr\/wp-json\/wp\/v2\/comments?post=3558"}],"version-history":[{"count":0,"href":"https:\/\/futurpreneur.ca\/fr\/wp-json\/wp\/v2\/posts\/3558\/revisions"}],"wp:featuredmedia":[{"embeddable":true,"href":"https:\/\/futurpreneur.ca\/fr\/wp-json\/wp\/v2\/media\/1885"}],"wp:attachment":[{"href":"https:\/\/futurpreneur.ca\/fr\/wp-json\/wp\/v2\/media?parent=3558"}],"wp:term":[{"taxonomy":"category","embeddable":true,"href":"https:\/\/futurpreneur.ca\/fr\/wp-json\/wp\/v2\/categories?post=3558"},{"taxonomy":"post_tag","embeddable":true,"href":"https:\/\/futurpreneur.ca\/fr\/wp-json\/wp\/v2\/tags?post=3558"}],"curies":[{"name":"wp","href":"https:\/\/api.w.org\/{rel}","templated":true}]}}