{"id":4918,"date":"2012-09-06T14:19:04","date_gmt":"2012-09-06T18:19:04","guid":{"rendered":"https:\/\/futurpreneur.ca\/?p=4918"},"modified":"2024-02-14T10:39:22","modified_gmt":"2024-02-14T15:39:22","slug":"la-fete-du-travail-est-un-point-tournant-pour-votre-entreprise","status":"publish","type":"post","link":"https:\/\/futurpreneur.ca\/fr\/blog\/la-fete-du-travail-est-un-point-tournant-pour-votre-entreprise\/","title":{"rendered":"La f\u00eate du Travail est un point tournant pour votre entreprise"},"content":{"rendered":"<p><em>Ellis Orlan, BA, CPA (IL), CGMA, <\/em><a href=\"http:\/\/www.sfgroup.ca\/\"><em>SF Partnership LLP<\/em><\/a><em>, Toronto, Ontario, mentor de la FCJE, <\/em><a href=\"mailto:eorlan@sfgroup.ca\"><em>eorlan@sfgroup.ca<\/em><\/a><\/p>\n<p>Je n\u2019ai jamais su comment d\u00e9crire le sentiment engendr\u00e9 par la f\u00eate du Travail, mais je pense que pour la grande majorit\u00e9 des gens, cette journ\u00e9e marque la fin de l\u2019\u00e9t\u00e9 et le d\u00e9but de la saison o\u00f9 on recommence \u00e0 faire des affaires \u00ab\u00a0s\u00e9rieusement\u00a0\u00bb. Plus encore qu\u2019au lendemain du premier de l\u2019An, le 1<sup>er<\/sup> septembre incarne le moment o\u00f9 les gens d\u2019affaires se recentrent, retroussent leurs manches et reprennent leur s\u00e9rieux. En septembre, il est \u00e9galement temps d\u2019\u00e9valuer les progr\u00e8s accomplis vers l\u2019atteinte des buts et objectifs qu\u2019on s\u2019\u00e9tait fix\u00e9s, de d\u00e9terminer la strat\u00e9gie \u00e0 adopter pour maximiser notre succ\u00e8s d\u2019ici la fin de l\u2019ann\u00e9e et de jeter un coup d\u2019\u0153il \u00e0 ce qui nous attend en 2013.<\/p>\n<p>Je pourrais vous entretenir des cibles SMART (strat\u00e9giques, mesurables, r\u00e9alisables, r\u00e9alistes et limit\u00e9es dans le temps), mais tout le monde en a d\u00e9j\u00e0 entendu parler et, pour \u00eatre honn\u00eate, au cours des derni\u00e8res ann\u00e9es, j\u2019ai d\u00e9couvert que c\u2019\u00e9tait l\u2019effort que je consacrais \u00e0 l\u2019ex\u00e9cution (le temps investi dans les actions requises) qui me permettait de fixer mes buts et objectifs. Septembre est le mois o\u00f9 la voiture est stationn\u00e9e dans l\u2019all\u00e9e, pr\u00eate \u00e0 d\u00e9marrer le mardi suivant la f\u00eate du Travail. Depuis quelques ann\u00e9es, je consacre g\u00e9n\u00e9ralement la majeure partie de cette journ\u00e9e-l\u00e0 \u00e0 me pr\u00e9parer pour \u00eatre fin pr\u00eat \u00e0 amorcer la saison la plus importante de l\u2019ann\u00e9e pour faire s\u00e9rieusement des affaires\u00a0: l\u2019automne.<\/p>\n<p>Alors si, comme moi, vous n\u2019\u00eates pas certain de ce que repr\u00e9sente la f\u00eate du Travail\u2026 peut-\u00eatre est-ce le fait que les enfants retournent en classe, ou ce qu\u2019\u00e9voque le mot \u00ab\u00a0travail \u00bb, \u00a0il se trouve que l\u2019origine de ce sentiment n\u2019a pas d\u2019importance, puisque c\u2019est tr\u00e8s bien. Ce qui importe est de commencer t\u00f4t, du bon pied et de prendre tr\u00e8s au s\u00e9rieux le fait de terminer l\u2019ann\u00e9e en force. Voil\u00e0 ce qui compte maintenant et ce qui comptera \u00e0 la fin de l\u2019ann\u00e9e, quand vous ferez un retour sur le trimestre de l\u2019automne. Si vous ne partagez pas cette conception de la longue fin de semaine du mois de septembre, je vous encourage \u00e0 reconsid\u00e9rer votre point de vue afin de comprendre pourquoi la f\u00eate du Travail est un point tournant dans mon agenda et dans celui de toute entreprise.<\/p>\n","protected":false},"excerpt":{"rendered":"<p>Ellis Orlan, BA, CPA (IL), CGMA, SF Partnership LLP, Toronto, Ontario, mentor de la FCJE, eorlan@sfgroup.ca Je n\u2019ai jamais su comment d\u00e9crire le sentiment engendr\u00e9 par la f\u00eate du Travail, mais je pense que pour la grande majorit\u00e9 des gens, cette journ\u00e9e marque la fin de l\u2019\u00e9t\u00e9 et le d\u00e9but de la saison o\u00f9 on [&hellip;]<\/p>\n","protected":false},"author":3,"featured_media":0,"comment_status":"closed","ping_status":"closed","sticky":false,"template":"","format":"standard","meta":{"_acf_changed":false,"footnotes":""},"categories":[18],"tags":[],"class_list":["post-4918","post","type-post","status-publish","format-standard","hentry","category-entrepreneuriat"],"acf":[],"_links":{"self":[{"href":"https:\/\/futurpreneur.ca\/fr\/wp-json\/wp\/v2\/posts\/4918","targetHints":{"allow":["GET"]}}],"collection":[{"href":"https:\/\/futurpreneur.ca\/fr\/wp-json\/wp\/v2\/posts"}],"about":[{"href":"https:\/\/futurpreneur.ca\/fr\/wp-json\/wp\/v2\/types\/post"}],"author":[{"embeddable":true,"href":"https:\/\/futurpreneur.ca\/fr\/wp-json\/wp\/v2\/users\/3"}],"replies":[{"embeddable":true,"href":"https:\/\/futurpreneur.ca\/fr\/wp-json\/wp\/v2\/comments?post=4918"}],"version-history":[{"count":0,"href":"https:\/\/futurpreneur.ca\/fr\/wp-json\/wp\/v2\/posts\/4918\/revisions"}],"wp:attachment":[{"href":"https:\/\/futurpreneur.ca\/fr\/wp-json\/wp\/v2\/media?parent=4918"}],"wp:term":[{"taxonomy":"category","embeddable":true,"href":"https:\/\/futurpreneur.ca\/fr\/wp-json\/wp\/v2\/categories?post=4918"},{"taxonomy":"post_tag","embeddable":true,"href":"https:\/\/futurpreneur.ca\/fr\/wp-json\/wp\/v2\/tags?post=4918"}],"curies":[{"name":"wp","href":"https:\/\/api.w.org\/{rel}","templated":true}]}}