{"id":4986,"date":"2015-04-24T14:04:28","date_gmt":"2015-04-24T18:04:28","guid":{"rendered":"https:\/\/futurpreneur.ca\/?p=4986"},"modified":"2024-02-14T10:38:23","modified_gmt":"2024-02-14T15:38:23","slug":"lecture-de-fin-de-semaine","status":"publish","type":"post","link":"https:\/\/futurpreneur.ca\/fr\/blog\/lecture-de-fin-de-semaine\/","title":{"rendered":"Lecture de fin de semaine"},"content":{"rendered":"<p><a href=\"https:\/\/futurpreneur.ca\/wp-content\/uploads\/2024\/02\/5393995893_db3b3a5f17_z.jpg\"><img loading=\"lazy\" decoding=\"async\" class=\"aligncenter\" title=\"Weekend Reading List\" src=\"https:\/\/futurpreneur.ca\/wp-content\/uploads\/2024\/02\/5393995893_db3b3a5f17_z.jpg\" alt=\"\" width=\"539\" height=\"359\" \/><\/a><\/p>\n<p>Parce que la toile regorge de pr\u00e9cieuses informations pour les entrepreneurs, nous vous avons pr\u00e9par\u00e9 une liste d\u2019articles et de liens int\u00e9ressants qui vous tiendront occup\u00e9s pendant la fin de semaine!<\/p>\n<p><strong>\u00ab\u00a0<a href=\"http:\/\/www.budget.gc.ca\/2015\/docs\/themes\/small-businesses-entrepreneurs-petites-entreprises-fra.html\">Aider les petites entreprises et les entrepreneurs \u00e0 cr\u00e9er des emplois\u00a0<\/a>\u00bb<\/strong><\/p>\n<p>Le budget f\u00e9d\u00e9ral d\u00e9pos\u00e9 cette semaine souligne l\u2019engagement du gouvernement du Canada en faveur des petites entreprises. Le taux d\u2019imposition des petites entreprises passera notamment de 9 % \u00e0 11 % d\u2019ici 2019. Apprenez-en davantage sur le Plan d\u2019action 2015 en consultant le <a href=\"http:\/\/www.budget.gc.ca\/2015\/docs\/themes\/small-businesses-entrepreneurs-petites-entreprises-fra.html\">site d\u00e9di\u00e9<\/a>.<\/p>\n<p><strong>\u00ab\u00a0<a href=\"http:\/\/branchez-vous.com\/2015\/04\/21\/facebook-modifie-son-fil-dactualite-afin-de-privilegier-vos-amis-proches\/\">Facebook modifie son fil d\u2019actualit\u00e9 afin de privil\u00e9gier vos amis proches\u00a0<\/a>\u00bb<\/strong><\/p>\n<p>Votre entreprise est pr\u00e9sente sur les r\u00e9seaux et notamment sur Facebook? D\u00e9couvrez les derni\u00e8res modifications dans l\u2019algorithme de Facebook en lisant <a href=\"http:\/\/branchez-vous.com\/2015\/04\/21\/facebook-modifie-son-fil-dactualite-afin-de-privilegier-vos-amis-proches\/\">l\u2019article<\/a> de Branchez-vous.com.<\/p>\n<p>Et si vous n\u2019\u00eates pas encore tr\u00e8s familier avec Facebook, consultez <a href=\"https:\/\/www.facebook.com\/business\/learn\/facebook-page-basics\/\">ce guide<\/a> qui vous expliquera les notions de base sur les Pages Facebook.<\/p>\n<p><strong>\u00ab\u00a0<a href=\"https:\/\/pige.quebec\/les-outils-pour-gerer-ses-reseaux-sociaux-comme-un-pro\/\">Les outils pour g\u00e9rer ses r\u00e9seaux sociaux comme un pro\u00a0<\/a>\u00bb<\/strong><\/p>\n<p>Veille, planification et analyse\u00a0: la formule secr\u00e8te pour g\u00e9rer sa pr\u00e9sence sur les r\u00e9seaux sociaux selon Libana Kassab. Vous trouverez dans son <a href=\"https:\/\/pige.quebec\/les-outils-pour-gerer-ses-reseaux-sociaux-comme-un-pro\/\">article<\/a> un grand nombre d\u2019outils utiles.<\/p>\n<p><strong>\u00ab\u00a0<a href=\"http:\/\/www.lesaffaires.com\/strategie-d-entreprise\/entreprendre\/la-reprise-dune-entreprise-un-autre-moyen-dentreprendre\/578075\">La reprise d\u2019une entreprise, un autre moyen d\u2019entreprendre\u00a0<\/a>\u00bb<\/strong><\/p>\n<p>Lorsque l\u2019on parle d\u2019entrepreneuriat, on pense souvent \u00e0 la cr\u00e9ation d\u2019une entreprise. Il existe toutefois une autre forme d\u2019entrepreneuriat que l\u2019on nomme le \u00ab\u00a0repreneuriat\u00a0\u00bb et qui pourrait s\u2019av\u00e9rer extr\u00eamement b\u00e9n\u00e9fique \u00e0 notre \u00e9conomie. C\u2019est le sujet de cet <a href=\"http:\/\/www.lesaffaires.com\/strategie-d-entreprise\/entreprendre\/la-reprise-dune-entreprise-un-autre-moyen-dentreprendre\/578075\">article<\/a>, publi\u00e9 sur lesaffaires.com.<\/p>\n<p><strong>\u00ab\u00a0<a href=\"http:\/\/www.presse-citron.net\/10-outils-web-a-connaitre-pour-booster-vos-presentations\/?utm_source=feedburner&amp;utm_medium=twitter&amp;utm_campaign=Feed%3A+Pressecitron+%28Presse-citron+-+Le+blog%29\">10 outils web \u00e0 connaitre pour booster vos pr\u00e9sentations\u00a0<\/a>\u00bb<\/strong><\/p>\n<p>L\u2019excellent site Web <a href=\"http:\/\/www.presse-citron.net\/10-outils-web-a-connaitre-pour-booster-vos-presentations\/?utm_source=feedburner&amp;utm_medium=twitter&amp;utm_campaign=Feed%3A+Pressecitron+%28Presse-citron+-+Le+blog%29\">presse-citron.net<\/a> a recens\u00e9 10 outils Web qui peuvent vous aider \u00e0 am\u00e9liorer vos pr\u00e9sentations ou \u00e0 \u00eatre plus cr\u00e9atifs de mani\u00e8re g\u00e9n\u00e9rale.<\/p>\n<p><strong>\u00ab\u00a0<a href=\"http:\/\/kimauclair.ca\/blog\/comment-faire-parler-de-vous-ou-de-votre-entreprise-dans-les-medias\/\">Comment faire parler de vous dans les m\u00e9dias\u00a0<\/a>\u00bb<\/strong><\/p>\n<p>L\u2019entrepreneure et blogueuse Kim Auclair d\u00e9voile quelques <a href=\"http:\/\/kimauclair.ca\/blog\/comment-faire-parler-de-vous-ou-de-votre-entreprise-dans-les-medias\/\">astuces<\/a> pour attirer l\u2019attention des m\u00e9dias afin qu\u2019ils parlent de votre entreprise.<\/p>\n<p>Dans un autre <a href=\"http:\/\/niviti.com\/comment-travailler-les-blogueurs\/\">article<\/a>, elle explique \u00e9galement comment travailler avec les blogueurs.<\/p>\n<p>Lecture bonus sur notre blogue\u00a0:<br \/>\n&#8211;\u00a0<a href=\"https:\/\/futurpreneur.ca\/fr\/2015\/eph-apparel-inc\/\">D\u00e9marrer son entreprise avec un ou plusieurs partenaires, l\u2019histoire d\u2019Eph Apparel<br \/>\n<\/a>&#8211;\u00a0<a href=\"https:\/\/futurpreneur.ca\/fr\/2015\/en-linkedin-business-page\/\">5 conseils pour optimiser sa page entreprise LinkedIn<br \/>\n<\/a>&#8211;\u00a0<a href=\"https:\/\/futurpreneur.ca\/fr\/2015\/do-well-by-doing-good\/\">Les petites entreprises peuvent r\u00e9ussir en faisant le bien autour d\u2019elles<\/a><\/p>\n<p>Bonne lecture et passez une excellente fin de semaine!<\/p>\n","protected":false},"excerpt":{"rendered":"<p>Parce que la toile regorge de pr\u00e9cieuses informations pour les entrepreneurs, nous vous avons pr\u00e9par\u00e9 une liste d\u2019articles et de liens int\u00e9ressants qui vous tiendront occup\u00e9s pendant la fin de semaine! \u00ab\u00a0Aider les petites entreprises et les entrepreneurs \u00e0 cr\u00e9er des emplois\u00a0\u00bb Le budget f\u00e9d\u00e9ral d\u00e9pos\u00e9 cette semaine souligne l\u2019engagement du gouvernement du Canada en [&hellip;]<\/p>\n","protected":false},"author":3,"featured_media":4549,"comment_status":"closed","ping_status":"closed","sticky":false,"template":"","format":"standard","meta":{"_acf_changed":false,"footnotes":""},"categories":[18],"tags":[],"class_list":["post-4986","post","type-post","status-publish","format-standard","has-post-thumbnail","hentry","category-entrepreneuriat"],"acf":[],"_links":{"self":[{"href":"https:\/\/futurpreneur.ca\/fr\/wp-json\/wp\/v2\/posts\/4986","targetHints":{"allow":["GET"]}}],"collection":[{"href":"https:\/\/futurpreneur.ca\/fr\/wp-json\/wp\/v2\/posts"}],"about":[{"href":"https:\/\/futurpreneur.ca\/fr\/wp-json\/wp\/v2\/types\/post"}],"author":[{"embeddable":true,"href":"https:\/\/futurpreneur.ca\/fr\/wp-json\/wp\/v2\/users\/3"}],"replies":[{"embeddable":true,"href":"https:\/\/futurpreneur.ca\/fr\/wp-json\/wp\/v2\/comments?post=4986"}],"version-history":[{"count":0,"href":"https:\/\/futurpreneur.ca\/fr\/wp-json\/wp\/v2\/posts\/4986\/revisions"}],"wp:featuredmedia":[{"embeddable":true,"href":"https:\/\/futurpreneur.ca\/fr\/wp-json\/wp\/v2\/media\/4549"}],"wp:attachment":[{"href":"https:\/\/futurpreneur.ca\/fr\/wp-json\/wp\/v2\/media?parent=4986"}],"wp:term":[{"taxonomy":"category","embeddable":true,"href":"https:\/\/futurpreneur.ca\/fr\/wp-json\/wp\/v2\/categories?post=4986"},{"taxonomy":"post_tag","embeddable":true,"href":"https:\/\/futurpreneur.ca\/fr\/wp-json\/wp\/v2\/tags?post=4986"}],"curies":[{"name":"wp","href":"https:\/\/api.w.org\/{rel}","templated":true}]}}