{"id":5095,"date":"2013-07-04T18:06:15","date_gmt":"2013-07-04T22:06:15","guid":{"rendered":"https:\/\/futurpreneur.ca\/?p=5095"},"modified":"2024-02-14T10:38:50","modified_gmt":"2024-02-14T15:38:50","slug":"retour-sur-le-sommet-de-laje-g20-de-moscou-derek-major","status":"publish","type":"post","link":"https:\/\/futurpreneur.ca\/fr\/blog\/retour-sur-le-sommet-de-laje-g20-de-moscou-derek-major\/","title":{"rendered":"Retour sur le Sommet de l\u2019AJE G20 de Moscou \u2013 Derek Major"},"content":{"rendered":"<p>Vous \u00eates-vous d\u00e9j\u00e0 demand\u00e9 ce que ce serait que d\u2019incarner la voix du changement? Et si vous vous faisiez l\u2019instigateur du changement, avec 400 autres personnes qui portent toutes le m\u00eame message? Et que ce message exhortait \u00e0 l\u2019amorce d\u2019un important virage en ce qui a trait aux politiques qui touchent les jeunes?<\/p>\n<p>Le Sommet 2013 de l\u2019Alliance des jeunes entrepreneurs du G20 a permis une v\u00e9ritable consolidation des propositions pr\u00e9sent\u00e9es plus haut et en faire partie s\u2019est av\u00e9r\u00e9 extr\u00eamement enrichissant. Je dois admettre que la perspective d\u2019effectuer un voyage en Russie me donnait l\u2019impression de partir \u00e0 l\u2019aventure : je ne savais pas ce qui m\u2019attendait l\u00e0-bas. Je peux maintenant affirmer que Moscou est une ville d\u2019une grande beaut\u00e9. Tous les <em>a priori<\/em> d\u00e9favorables qui circulent sur la Russie sont faux, d\u2019apr\u00e8s ce que nous avons pu constater lorsque nous y \u00e9tions. Plusieurs de mes homologues d\u00e9l\u00e9gu\u00e9s ont pass\u00e9 plus de temps que moi \u00e0 visiter la ville et ont m\u00eame pris le m\u00e9tro qui, para\u00eet-il, est magnifique. J\u2019encourage donc tous ceux qui manifestent une certaine curiosit\u00e9 au sujet de la Russie \u00e0 s\u2019y rendre sans h\u00e9siter. Je suis convaincu que plusieurs participants au sommet se feront un plaisir de les mettre en contact avec de nouveaux amis qui pourraient leur servir de guides pendant leur s\u00e9jour.<\/p>\n<p>En 2009, j\u2019ai fait partie du groupe qui a particip\u00e9 au tout premier Sommet des jeunes entrepreneurs du G8, \u00e0 Stresa, en Italie. Il ne fait aucun doute que nous avons, depuis, parcouru beaucoup de chemin. Au dernier \u00e9v\u00e9nement, tout \u00e9tait parfait\u00a0: des ateliers en petits groupes au nombre de pays participants (douze de plus!), en passant par les occasions de r\u00e9seautage. Plusieurs des th\u00e8mes abord\u00e9s portaient non seulement sur l\u2019importance d\u2019\u00e9laborer un message plus percutant pour l\u2019entrepreneuriat jeunesse en g\u00e9n\u00e9ral, mais aussi sur les possibilit\u00e9s d\u2019\u00e9changes commerciaux en Russie. Bien s\u00fbr, l\u2019entrepreneuriat y est encore \u00e0 ses premiers balbutiements, mais les Russes prennent les mesures n\u00e9cessaires pour s\u2019assurer que le monde entier est \u00e0 m\u00eame de constater qu\u2019il faudra d\u00e9sormais compter avec eux. Le d\u00e9veloppement du nouveau centre d\u2019innovation Skolkovo se poursuit. Il s\u2019agit d\u2019un lieu fascinant \u00e0 visiter et d\u2019une remarquable perspective pour l\u2019avenir. De nombreux appuis internationaux s\u2019y sont concentr\u00e9s et des id\u00e9es prometteuses pourraient nous inciter \u00e0 y installer nos entreprises.<\/p>\n<p>Pour moi et pour tous ceux qui y ont particip\u00e9, cet \u00e9v\u00e9nement a \u00e9t\u00e9 une occasion unique de vivre une formidable exp\u00e9rience. Je pense qu\u2019il est important que le Canada joue non seulement un r\u00f4le de chef de file pour la croissance de l\u2019entrepreneuriat jeunesse \u00e0 l\u2019int\u00e9rieur de ses fronti\u00e8res, mais qu\u2019il serve aussi de guide et d&rsquo;exemple pour d\u2019autres pays du monde. Maintenant que nous sommes de retour, il est temps de prendre les mesures qui auront un v\u00e9ritable impact chez nous.<\/p>\n<p><em>Derek Major,\u00a0d\u00e9l\u00e9gu\u00e9 au Sommet de l\u2019Alliance des jeunes entrepreneurs du G20, associ\u00e9 directeur et chef de la direction, <\/em><a href=\"http:\/\/www.eligeo.com\/\" target=\"_blank\" rel=\"noopener\"><em>Eligeo\u00a0CRM\u00a0Inc.<\/em><\/a><em><\/p>\n<p><\/em><\/p>\n","protected":false},"excerpt":{"rendered":"<p>Vous \u00eates-vous d\u00e9j\u00e0 demand\u00e9 ce que ce serait que d\u2019incarner la voix du changement? Et si vous vous faisiez l\u2019instigateur du changement, avec 400 autres personnes qui portent toutes le m\u00eame message? Et que ce message exhortait \u00e0 l\u2019amorce d\u2019un important virage en ce qui a trait aux politiques qui touchent les jeunes? Le Sommet [&hellip;]<\/p>\n","protected":false},"author":3,"featured_media":0,"comment_status":"closed","ping_status":"closed","sticky":false,"template":"","format":"standard","meta":{"_acf_changed":false,"footnotes":""},"categories":[19],"tags":[],"class_list":["post-5095","post","type-post","status-publish","format-standard","hentry","category-futurpreneurs-et-partenaires"],"acf":[],"_links":{"self":[{"href":"https:\/\/futurpreneur.ca\/fr\/wp-json\/wp\/v2\/posts\/5095","targetHints":{"allow":["GET"]}}],"collection":[{"href":"https:\/\/futurpreneur.ca\/fr\/wp-json\/wp\/v2\/posts"}],"about":[{"href":"https:\/\/futurpreneur.ca\/fr\/wp-json\/wp\/v2\/types\/post"}],"author":[{"embeddable":true,"href":"https:\/\/futurpreneur.ca\/fr\/wp-json\/wp\/v2\/users\/3"}],"replies":[{"embeddable":true,"href":"https:\/\/futurpreneur.ca\/fr\/wp-json\/wp\/v2\/comments?post=5095"}],"version-history":[{"count":0,"href":"https:\/\/futurpreneur.ca\/fr\/wp-json\/wp\/v2\/posts\/5095\/revisions"}],"wp:attachment":[{"href":"https:\/\/futurpreneur.ca\/fr\/wp-json\/wp\/v2\/media?parent=5095"}],"wp:term":[{"taxonomy":"category","embeddable":true,"href":"https:\/\/futurpreneur.ca\/fr\/wp-json\/wp\/v2\/categories?post=5095"},{"taxonomy":"post_tag","embeddable":true,"href":"https:\/\/futurpreneur.ca\/fr\/wp-json\/wp\/v2\/tags?post=5095"}],"curies":[{"name":"wp","href":"https:\/\/api.w.org\/{rel}","templated":true}]}}