{"id":5104,"date":"2013-06-04T13:00:22","date_gmt":"2013-06-04T17:00:22","guid":{"rendered":"https:\/\/futurpreneur.ca\/?p=5104"},"modified":"2024-02-14T10:38:53","modified_gmt":"2024-02-14T15:38:53","slug":"le-pouvoir-de-la-narration","status":"publish","type":"post","link":"https:\/\/futurpreneur.ca\/fr\/blog\/le-pouvoir-de-la-narration\/","title":{"rendered":"Le pouvoir de la narration"},"content":{"rendered":"<p>C\u2019est en racontant des histoires que j\u2019entre en contact avec les autres. Je prends part \u00e0 votre histoire en d\u00e9couvrant tout ce que je peux sur vous et en cr\u00e9ant un climat d\u2019ouverture, de confiance et d\u2019honn\u00eatet\u00e9. Une fois que je connais votre parcours, c\u2019est avec plaisir que je peux vous d\u00e9voiler le mien. Il arrive parfois que ce soit moi qui narre mon histoire en premier pour que vous puissiez ensuite me raconter la v\u00f4tre, mais il s\u2019agit, l\u00e0 encore, d\u2019un investissement judicieux de mon temps et de mon \u00e9nergie, en raison de l\u2019excellent rendement du capital investi (RCI), qui comprend aussi le rendement de la relation.<\/p>\n<p>Comme le fait de raconter des histoires nous rend digne d\u2019estime, authentique et humain, il s\u2019applique \u00e0 toutes les sph\u00e8res de la vie. Selon un nouveau paradigme, en mati\u00e8re de leadership, le dirigeant d\u2019aujourd\u2019hui est capable de communiquer sa vuln\u00e9rabilit\u00e9 et ses histoires personnelles parce qu\u2019il sait que le fait d\u2019accorder de l\u2019importance au parcours des personnes qu\u2019il dirige est n\u00e9cessaire.<\/p>\n<p>Je raconte des histoires pour exprimer ma vision et d\u00e9crire la mission de mon entreprise et parce que j\u2019ai d\u00e9j\u00e0 \u00e9t\u00e9, moi aussi, un dirigeant \u00ab\u00a0perdu\u00a0\u00bb, qui a finalement d\u00e9couvert sa v\u00e9ritable passion et le sens de sa vie. J\u2019aide d\u00e9sormais les autres \u00e0 trouver les leurs. Je raconte des histoires qui trouvent une r\u00e9sonnance chez les autres et c\u2019est l\u00e0 leur principal avantage : elles visent \u00e0 donner un sens \u00e0 vos exp\u00e9riences et \u00e0 les rattacher \u00e0 la condition humaine. Je raconte des histoires dans les discours que je livre, les conversations personnelles que j\u2019entretiens et m\u00eame pendant des entrevues. Je n\u2019h\u00e9site pas \u00e0 relater une histoire personnelle parce que notre vie professionnelle, scolaire ou sociale demeure personnelle pour nous!<\/p>\n<p>Lors d\u2019une entrevue d\u2019emploi, on m\u2019a demand\u00e9 un jour de parler d\u2019un d\u00e9fi auquel j\u2019avais d\u00e9j\u00e0 \u00e9t\u00e9 confront\u00e9. J\u2019aurais pu utiliser un exemple li\u00e9 \u00e0 l\u2019emploi. Au lieu de cela, j\u2019ai parl\u00e9 des hauts et des bas auxquels un mariage mixte peut donner lieu, en raison des diff\u00e9rences fondamentales sur les plans culturel, parental et familial, et j\u2019ai expliqu\u00e9 comment nous avons fait de notre union un succ\u00e8s. Au lieu de m\u2019isoler, j\u2019ai touch\u00e9 tous les membres du comit\u00e9. Pourquoi? Parce que presque tout le monde a d\u00e9j\u00e0 v\u00e9cu une relation interculturelle ou conna\u00eet quelqu\u2019un qui en a v\u00e9cu une et qu\u2019il nous arrive tous d\u2019\u00eatre confront\u00e9s au foss\u00e9 qui nous s\u00e9pare de nos parents. En parler m\u2019a demand\u00e9 du courage, mais m\u2019a aussi permis de d\u00e9montrer que je poss\u00e8de beaucoup plus d\u2019atouts que ce que laisse entrevoir mon curriculum vitae. J\u2019ai d\u00e9croch\u00e9 l\u2019emploi!<\/p>\n<p>Sachez que chaque individu poss\u00e8de une histoire, un besoin d\u2019appartenir \u00e0 quelque chose et de cr\u00e9er une histoire plus grande que lui-m\u00eame. Si vous vous sentez concern\u00e9 par les histoires des autres et que vous r\u00e9fl\u00e9chissez \u00e0 votre propre parcours, vous finirez par cr\u00e9er un impact, lequel se traduira par un h\u00e9ritage. Cette histoire et cet h\u00e9ritage, quels seront-ils?<\/p>\n<p><em>Bobby Umar, ing., MBA, Raeallan, Toronto (Ontario), mentor de la FCJE<\/em><em><\/em><\/p>\n","protected":false},"excerpt":{"rendered":"<p>C\u2019est en racontant des histoires que j\u2019entre en contact avec les autres. Je prends part \u00e0 votre histoire en d\u00e9couvrant tout ce que je peux sur vous et en cr\u00e9ant un climat d\u2019ouverture, de confiance et d\u2019honn\u00eatet\u00e9. Une fois que je connais votre parcours, c\u2019est avec plaisir que je peux vous d\u00e9voiler le mien. Il [&hellip;]<\/p>\n","protected":false},"author":3,"featured_media":0,"comment_status":"closed","ping_status":"closed","sticky":false,"template":"","format":"standard","meta":{"_acf_changed":false,"footnotes":""},"categories":[18],"tags":[],"class_list":["post-5104","post","type-post","status-publish","format-standard","hentry","category-entrepreneuriat"],"acf":[],"_links":{"self":[{"href":"https:\/\/futurpreneur.ca\/fr\/wp-json\/wp\/v2\/posts\/5104","targetHints":{"allow":["GET"]}}],"collection":[{"href":"https:\/\/futurpreneur.ca\/fr\/wp-json\/wp\/v2\/posts"}],"about":[{"href":"https:\/\/futurpreneur.ca\/fr\/wp-json\/wp\/v2\/types\/post"}],"author":[{"embeddable":true,"href":"https:\/\/futurpreneur.ca\/fr\/wp-json\/wp\/v2\/users\/3"}],"replies":[{"embeddable":true,"href":"https:\/\/futurpreneur.ca\/fr\/wp-json\/wp\/v2\/comments?post=5104"}],"version-history":[{"count":0,"href":"https:\/\/futurpreneur.ca\/fr\/wp-json\/wp\/v2\/posts\/5104\/revisions"}],"wp:attachment":[{"href":"https:\/\/futurpreneur.ca\/fr\/wp-json\/wp\/v2\/media?parent=5104"}],"wp:term":[{"taxonomy":"category","embeddable":true,"href":"https:\/\/futurpreneur.ca\/fr\/wp-json\/wp\/v2\/categories?post=5104"},{"taxonomy":"post_tag","embeddable":true,"href":"https:\/\/futurpreneur.ca\/fr\/wp-json\/wp\/v2\/tags?post=5104"}],"curies":[{"name":"wp","href":"https:\/\/api.w.org\/{rel}","templated":true}]}}