{"id":5276,"date":"2012-11-12T17:38:06","date_gmt":"2012-11-12T22:38:06","guid":{"rendered":"https:\/\/futurpreneur.ca\/?p=5276"},"modified":"2024-02-14T10:39:15","modified_gmt":"2024-02-14T15:39:15","slug":"le-premier-ministre-stephen-harper-encourage-les-canadiennes-et-les-canadiens-a-participer-a-la-sme","status":"publish","type":"post","link":"https:\/\/futurpreneur.ca\/fr\/blog\/le-premier-ministre-stephen-harper-encourage-les-canadiennes-et-les-canadiens-a-participer-a-la-sme\/","title":{"rendered":"Le Premier ministre Stephen Harper encourage les Canadiennes et les Canadiens \u00e0 participer \u00e0 la SME"},"content":{"rendered":"<p><a href=\"http:\/\/www.fcje.ca\/cybf_initiatives\/gew-canada\/\"><img loading=\"lazy\" decoding=\"async\" class=\"alignnone size-full wp-image-11456\" title=\"Blogposts_GEW_logoFRv2\" src=\"https:\/\/futurpreneur.ca\/wp-content\/uploads\/2012\/10\/Blogposts_GEW_logoFRv2.gif\" alt=\"SME Canada\" width=\"185\" height=\"114\" \/><\/a><\/p>\n<p>Le Premier ministre Stephen Harper a fait aujourd\u2019hui la d\u00e9claration suivante \u00e0 l\u2019occasion de la Semaine mondiale de l\u2019entrepreneuriat, qui se d\u00e9roule du 12 au 18 novembre :<\/p>\n<p><a href=\"http:\/\/www.pm.gc.ca\/fra\/media.asp?id=5166\" target=\"_blank\" rel=\"noopener\">D\u00e9claration du Premier ministre du Canada \u00e0 l&rsquo;occasion de la Semaine mondiale de l&rsquo;entrepreneuriat<\/a><\/p>\n","protected":false},"excerpt":{"rendered":"<p>Le Premier ministre Stephen Harper a fait aujourd\u2019hui la d\u00e9claration suivante \u00e0 l\u2019occasion de la Semaine mondiale de l\u2019entrepreneuriat, qui se d\u00e9roule du 12 au 18 novembre : D\u00e9claration du Premier ministre du Canada \u00e0 l&rsquo;occasion de la Semaine mondiale de l&rsquo;entrepreneuriat<\/p>\n","protected":false},"author":3,"featured_media":0,"comment_status":"closed","ping_status":"closed","sticky":false,"template":"","format":"standard","meta":{"_acf_changed":false,"footnotes":""},"categories":[19],"tags":[],"class_list":["post-5276","post","type-post","status-publish","format-standard","hentry","category-futurpreneurs-et-partenaires"],"acf":[],"_links":{"self":[{"href":"https:\/\/futurpreneur.ca\/fr\/wp-json\/wp\/v2\/posts\/5276","targetHints":{"allow":["GET"]}}],"collection":[{"href":"https:\/\/futurpreneur.ca\/fr\/wp-json\/wp\/v2\/posts"}],"about":[{"href":"https:\/\/futurpreneur.ca\/fr\/wp-json\/wp\/v2\/types\/post"}],"author":[{"embeddable":true,"href":"https:\/\/futurpreneur.ca\/fr\/wp-json\/wp\/v2\/users\/3"}],"replies":[{"embeddable":true,"href":"https:\/\/futurpreneur.ca\/fr\/wp-json\/wp\/v2\/comments?post=5276"}],"version-history":[{"count":0,"href":"https:\/\/futurpreneur.ca\/fr\/wp-json\/wp\/v2\/posts\/5276\/revisions"}],"wp:attachment":[{"href":"https:\/\/futurpreneur.ca\/fr\/wp-json\/wp\/v2\/media?parent=5276"}],"wp:term":[{"taxonomy":"category","embeddable":true,"href":"https:\/\/futurpreneur.ca\/fr\/wp-json\/wp\/v2\/categories?post=5276"},{"taxonomy":"post_tag","embeddable":true,"href":"https:\/\/futurpreneur.ca\/fr\/wp-json\/wp\/v2\/tags?post=5276"}],"curies":[{"name":"wp","href":"https:\/\/api.w.org\/{rel}","templated":true}]}}