{"id":5280,"date":"2012-11-06T16:00:54","date_gmt":"2012-11-06T21:00:54","guid":{"rendered":"https:\/\/futurpreneur.ca\/?p=5280"},"modified":"2024-02-14T10:39:16","modified_gmt":"2024-02-14T15:39:16","slug":"les-evenements-de-la-semaine-mondiale-de-lentrepreneuriat-battent-leur-plein","status":"publish","type":"post","link":"https:\/\/futurpreneur.ca\/fr\/blog\/les-evenements-de-la-semaine-mondiale-de-lentrepreneuriat-battent-leur-plein\/","title":{"rendered":"Les \u00e9v\u00e9nements de la Semaine mondiale de l\u2019entrepreneuriat battent leur plein!"},"content":{"rendered":"<p><a href=\"http:\/\/www.fcje.ca\/cybf_initiatives\/gew-canada\/\"><img loading=\"lazy\" decoding=\"async\" class=\"alignnone size-thumbnail wp-image-11456\" title=\"Blogposts_GEW_logoFRv2\" src=\"https:\/\/futurpreneur.ca\/wp-content\/uploads\/2012\/10\/Blogposts_GEW_logoFRv2-150x114.gif\" alt=\"SME Canada\" width=\"150\" height=\"114\" \/><\/a><\/p>\n<p>Bien que la Semaine mondiale de l\u2019entrepreneuriat (SME) ait officiellement lieu du 12 au 18 novembre prochains, des \u00e9v\u00e9nements nationaux et communautaires sont organis\u00e9s pendant tout le mois. Une liste compl\u00e8te se trouve dans les pages r\u00e9serv\u00e9es au Canada, sur le <a href=\"http:\/\/ca.unleashingideas.org\/content\/en-francais\" target=\"_blank\" rel=\"noopener\">site international de la SME<\/a>, o\u00f9 vous pouvez consulter le <a href=\"http:\/\/ca.unleashingideas.org\/activities\" target=\"_blank\" rel=\"noopener\">calendrier des activit\u00e9s de la SME au Canada.<\/a> N\u2019oubliez pas de donner votre appui \u00e0 la SME Canada, en passant le mot sur les m\u00e9dias sociaux, <a href=\"http:\/\/www.facebook.com\/GEW.SME\">Facebook<\/a>, <a href=\"http:\/\/pinterest.com\/gewcanada\/?d\">Pinterest<\/a> et <a href=\"https:\/\/twitter.com\/gewcanada\">Twitter<\/a> (\u00e0 l\u2019aide du mot\u2011cl\u00e9 di\u00e9s\u00e9 #SMECanada).<\/p>\n","protected":false},"excerpt":{"rendered":"<p>Bien que la Semaine mondiale de l\u2019entrepreneuriat (SME) ait officiellement lieu du 12 au 18 novembre prochains, des \u00e9v\u00e9nements nationaux et communautaires sont organis\u00e9s pendant tout le mois. Une liste compl\u00e8te se trouve dans les pages r\u00e9serv\u00e9es au Canada, sur le site international de la SME, o\u00f9 vous pouvez consulter le calendrier des activit\u00e9s de [&hellip;]<\/p>\n","protected":false},"author":3,"featured_media":0,"comment_status":"closed","ping_status":"closed","sticky":false,"template":"","format":"standard","meta":{"_acf_changed":false,"footnotes":""},"categories":[19],"tags":[],"class_list":["post-5280","post","type-post","status-publish","format-standard","hentry","category-futurpreneurs-et-partenaires"],"acf":[],"_links":{"self":[{"href":"https:\/\/futurpreneur.ca\/fr\/wp-json\/wp\/v2\/posts\/5280","targetHints":{"allow":["GET"]}}],"collection":[{"href":"https:\/\/futurpreneur.ca\/fr\/wp-json\/wp\/v2\/posts"}],"about":[{"href":"https:\/\/futurpreneur.ca\/fr\/wp-json\/wp\/v2\/types\/post"}],"author":[{"embeddable":true,"href":"https:\/\/futurpreneur.ca\/fr\/wp-json\/wp\/v2\/users\/3"}],"replies":[{"embeddable":true,"href":"https:\/\/futurpreneur.ca\/fr\/wp-json\/wp\/v2\/comments?post=5280"}],"version-history":[{"count":0,"href":"https:\/\/futurpreneur.ca\/fr\/wp-json\/wp\/v2\/posts\/5280\/revisions"}],"wp:attachment":[{"href":"https:\/\/futurpreneur.ca\/fr\/wp-json\/wp\/v2\/media?parent=5280"}],"wp:term":[{"taxonomy":"category","embeddable":true,"href":"https:\/\/futurpreneur.ca\/fr\/wp-json\/wp\/v2\/categories?post=5280"},{"taxonomy":"post_tag","embeddable":true,"href":"https:\/\/futurpreneur.ca\/fr\/wp-json\/wp\/v2\/tags?post=5280"}],"curies":[{"name":"wp","href":"https:\/\/api.w.org\/{rel}","templated":true}]}}