{"id":6364,"date":"2013-05-01T12:00:23","date_gmt":"2013-05-01T16:00:23","guid":{"rendered":"https:\/\/futurpreneur.ca\/press_release\/votre-reve-de-devenir-proprietaire-dentreprise-est-moins-loin-que-vous-le-pensez\/"},"modified":"2024-03-04T10:18:10","modified_gmt":"2024-03-04T15:18:10","slug":"votre-reve-de-devenir-proprietaire-dentreprise-est-moins-loin-que-vous-le-pensez","status":"publish","type":"press_release","link":"https:\/\/futurpreneur.ca\/fr\/press_release\/votre-reve-de-devenir-proprietaire-dentreprise-est-moins-loin-que-vous-le-pensez\/","title":{"rendered":"Votre r\u00eave de devenir propri\u00e9taire d\u2019entreprise est moins loin que vous le pensez"},"content":{"rendered":"\n<p>Le caporal Yance Sheehan a pass\u00e9 les 17 derni\u00e8res ann\u00e9es au service de notre pays. Mais, lorsqu\u2019il a \u00e9t\u00e9 lib\u00e9r\u00e9 pour des raisons de sant\u00e9, il s\u2019est demand\u00e9 quelles options s\u2019offraient \u00e0 lui \u00e0 l\u2019avenir.<\/p>\n\n\n\n<p>\u00ab&nbsp;La perspective de la retraite \u00e9tait pr\u00e9occupante et parfois m\u00eame angoissante. J\u2019ai pass\u00e9 les derniers mois \u00e0 douter de ma capacit\u00e9 \u00e0 me forger une vie civile&nbsp;\u00bb, a-t-il expliqu\u00e9.<\/p>\n\n\n\n<p>Si vous \u00eates un militaire en transition, vous vivez peut-\u00eatre les m\u00eames difficult\u00e9s quant au choix de la prochaine \u00e9tape de votre parcours professionnel.<\/p>\n\n\n\n<p>\u00c0 titre de membre des Forces canadiennes, vous avez appris \u00e0 prendre des risques et acquis de solides attributs que vous partagez avec des entrepreneurs prosp\u00e8res : la d\u00e9termination, le courage et de grandes comp\u00e9tences organisationnelles, qui peuvent facilement \u00eatre appliqu\u00e9s \u00e0 la mise sur pied et \u00e0 l\u2019exploitation d\u2019une entreprise. Bien que ce genre de projet puisse repr\u00e9senter un d\u00e9fi important pour certains, il s\u2019agit souvent d\u2019une orientation naturelle pour le personnel militaire et d\u2019une possibilit\u00e9 de carri\u00e8re future viable et stimulante.<\/p>\n\n\n\n<p>L\u2019Op\u00e9ration Entrepreneur du prince de Galles vous aide \u00e0 faire la transition entre vos carri\u00e8res militaire et entrepreneuriale, au moyen des ressources suivantes:<\/p>\n\n\n\n<ul class=\"wp-block-list\">\n<li>Formation entrepreneuriale et soutien \u00e0 l\u2019\u00e9laboration du plan d\u2019affaires;<\/li>\n\n\n\n<li>Financement de d\u00e9marrage et de croissance;<\/li>\n\n\n\n<li>Mentorat ax\u00e9 sur les affaires;<\/li>\n\n\n\n<li>Camp d\u2019entra\u00eenement <em>Mission&nbsp;: entreprendre;<\/em><\/li>\n\n\n\n<li>R\u00e9seautage et soutien de toute une communaut\u00e9.<\/li>\n<\/ul>\n\n\n\n<p>Motiv\u00e9 par le souhait de lancer une entreprise et conscient qu\u2019il avait besoin d\u2019un certain encadrement et de formation, Yance s\u2019est tourn\u00e9 vers l\u2019Op\u00e9ration entrepreneur du prince de Galles.<\/p>\n\n\n\n<p>\u00ab&nbsp;Mon r\u00eave de lancer mon entreprise et d\u2019\u00eatre mon propre patron n\u2019est v\u00e9ritablement devenu r\u00e9alit\u00e9 que gr\u00e2ce \u00e0 ma participation au camp d\u2019entra\u00eenement <em>Mission&nbsp;: entreprendre<\/em>, \u00e0 l\u2019Universit\u00e9 Memorial de Terre-Neuve en juillet 2012&nbsp;\u00bb, a ajout\u00e9 Yance. \u00ab&nbsp;Les outils et les notions que j\u2019ai acquises dans le cadre de ce programme sont inestimables. C\u2019est avec enthousiasme, et non avec la crainte de l\u2019inconnu, que je me retrouve aujourd\u2019hui \u00e0 la crois\u00e9e des chemins, l\u00e0 o\u00f9 se rejoignent ma retraite imminente des Forces canadiennes de Sa Majest\u00e9 et une nouvelle carri\u00e8re dans la vie civile&nbsp;\u00bb, a-t-il conclu.<\/p>\n\n\n\n<p>Avez-vous d\u00e9j\u00e0 pens\u00e9 \u00e0 lancer votre entreprise sans savoir o\u00f9 trouver de l\u2019aide? Visitez le fcje.ca\/oep, d\u00e8s aujourd\u2019hui, et inscrivez-vous \u00e0 l\u2019Op\u00e9ration Entrepreneur du prince de Galles pour recevoir la formation, le financement et le mentorat dont vous avez besoin pour mettre sur pied votre propre entreprise et en assurer le succ\u00e8s durable<em>. <\/em><\/p>\n","protected":false},"excerpt":{"rendered":"<p>Le caporal Yance Sheehan a pass\u00e9 les 17 derni\u00e8res ann\u00e9es au service de notre pays. Mais, lorsqu\u2019il a \u00e9t\u00e9 lib\u00e9r\u00e9 pour des raisons de sant\u00e9, il s\u2019est demand\u00e9 quelles options s\u2019offraient \u00e0 lui \u00e0 l\u2019avenir. \u00ab&nbsp;La perspective de la retraite \u00e9tait pr\u00e9occupante et parfois m\u00eame angoissante. J\u2019ai pass\u00e9 les derniers mois \u00e0 douter de ma [&hellip;]<\/p>\n","protected":false},"template":"","press_category":[],"class_list":["post-6364","press_release","type-press_release","status-publish","hentry"],"acf":[],"_links":{"self":[{"href":"https:\/\/futurpreneur.ca\/fr\/wp-json\/wp\/v2\/press_release\/6364","targetHints":{"allow":["GET"]}}],"collection":[{"href":"https:\/\/futurpreneur.ca\/fr\/wp-json\/wp\/v2\/press_release"}],"about":[{"href":"https:\/\/futurpreneur.ca\/fr\/wp-json\/wp\/v2\/types\/press_release"}],"version-history":[{"count":0,"href":"https:\/\/futurpreneur.ca\/fr\/wp-json\/wp\/v2\/press_release\/6364\/revisions"}],"wp:attachment":[{"href":"https:\/\/futurpreneur.ca\/fr\/wp-json\/wp\/v2\/media?parent=6364"}],"wp:term":[{"taxonomy":"press_category","embeddable":true,"href":"https:\/\/futurpreneur.ca\/fr\/wp-json\/wp\/v2\/press_category?post=6364"}],"curies":[{"name":"wp","href":"https:\/\/api.w.org\/{rel}","templated":true}]}}