{"id":6420,"date":"2011-11-17T14:13:39","date_gmt":"2011-11-17T19:13:39","guid":{"rendered":"https:\/\/futurpreneur.ca\/press_release\/pleins-feux-sur-lentrepreneuriat\/"},"modified":"2024-03-04T10:20:58","modified_gmt":"2024-03-04T15:20:58","slug":"pleins-feux-sur-lentrepreneuriat","status":"publish","type":"press_release","link":"https:\/\/futurpreneur.ca\/fr\/press_release\/pleins-feux-sur-lentrepreneuriat\/","title":{"rendered":"Pleins feux sur l\u2019entrepreneuriat"},"content":{"rendered":"\n<h3 class=\"wp-block-heading\"><strong>Pleins feux sur l\u2019entrepreneuriat<\/strong><\/h3>\n\n\n\n<p class=\"has-text-align-left\"><strong>La FCEI, la FCJE et le ministre de la Petite entreprise f\u00eatent les entrepreneurs canadiens<\/strong><\/p>\n\n\n\n<p><strong>Toronto, le 17 novembre 2011 \u2013 <\/strong>Ce soir, la Fondation canadienne des jeunes entrepreneurs (FCJE) et la F\u00e9d\u00e9ration canadienne de l\u2019entreprise ind\u00e9pendante (FCEI) c\u00e9l\u00e8breront les chefs d\u2019entreprise et l\u2019Ann\u00e9e de l\u2019entrepreneur lors d\u2019un \u00e9v\u00e9nement sp\u00e9cial qui aura lieu \u00e0 Toronto. Maxime Bernier, ministre d\u2019\u00c9tat (Petite Entreprise et Tourisme), fera un discours \u00e0 cette occasion et remettra des prix \u00e0 trois remarquables dirigeants d\u2019entreprise canadiens.<\/p>\n\n\n\n<p>Organis\u00e9 durant la Semaine mondiale de l\u2019entrepreneuriat et comme suite \u00e0 l\u2019annonce du gouvernement f\u00e9d\u00e9ral faisant de 2011 l\u2019Ann\u00e9e de l\u2019entrepreneur, cet \u00e9v\u00e9nement met davantage en relief l\u2019importante contribution que les petites et moyennes entreprises (PME) fournissent au Canada. \u00ab Les PME sont la force motrice de notre pays et de l\u2019\u00e9conomie mondiale. Ce sont effectivement les entrepreneurs qui pr\u00e9servent la vitalit\u00e9 des collectivit\u00e9s \u00bb, affirme Vivian Prokop, pr\u00e9sidente et chef de la direction de la FCJE.<\/p>\n\n\n\n<p>\u00ab Cette soir\u00e9e repr\u00e9sente une formidable occasion de reconna\u00eetre les chefs d\u2019entreprise actuels et futurs, et de les remercier pour les innovations et les contributions qu\u2019ils apportent au Canada, car ils ont permis de faire rena\u00eetre l\u2019espoir et de r\u00e9tablir l\u2019emploi et la stabilit\u00e9 malgr\u00e9 le ralentissement et la fragilit\u00e9 de l\u2019\u00e9conomie \u00bb, conclut Catherine Swift, pr\u00e9sidente et chef de la direction de la FCEI.<\/p>\n\n\n\n<p>\u00ab Notre gouvernement reconna\u00eet et estime \u00e0 sa juste valeur le r\u00f4le important que jouent les entrepreneurs canadiens pour faire avancer notre \u00e9conomie. C\u2019est la raison pour laquelle nous avons proclam\u00e9 que 2011 serait l\u2019Ann\u00e9e de l\u2019entrepreneur, d\u00e9clare Maxime Bernier. F\u00e9licitations \u00e0 tous les laur\u00e9ats \u00e0 qui l\u2019on a rendu hommage dans le cadre de la Semaine mondiale de l\u2019entrepreneuriat. Les entrepreneurs ont entre leurs mains les cl\u00e9s du succ\u00e8s \u00e9conomique futur du Canada. \u00bb<\/p>\n\n\n\n<p>L\u2019\u00e9v\u00e9nement \u00ab Pleins feux sur les entrepreneurs \u00bb n\u2019aurait pas \u00e9t\u00e9 possible sans le soutien des formidables partenaires et commanditaires suivants : la Banque Scotia, le National Post, Chase Paymentech, la Banque de d\u00e9veloppement du Canada et KPMG Entreprise.<\/p>\n\n\n\n<p><strong>La F\u00e9d\u00e9ration canadienne de l\u2019entreprise ind\u00e9pendante (FCEI) :<\/strong><\/p>\n\n\n\n<p>En qualit\u00e9 du plus grand groupement de petites et moyennes entreprises du Canada, la FCEI repr\u00e9sente Le pouvoir des entrepreneursMC. Cr\u00e9\u00e9e en 1971, la FCEI d\u00e9finit ses positions selon le point de vue de plus de 108 000 membres au pays et provenant de tous les secteurs. Elle procure aux dirigeants de PME une voix forte et convaincante \u00e0 tous les ordres de gouvernement et contribue \u00e0 l\u2019essor \u00e9conomique.<\/p>\n\n\n\n<p class=\"has-text-align-center\"><strong><br> <\/strong><\/p>\n\n\n\n<p class=\"has-text-align-center\"><strong>&nbsp; <strong>-30-<\/strong> <\/strong><\/p>\n\n\n\n<p><strong>La Fondation Canadienne des Jeunes Entrepreneurs (FCJE) \u2013 La Passerelle des entrepreneurs du Canada :<\/strong><\/p>\n\n\n\n<p>La FCJE est la r\u00e9f\u00e9rence en mati\u00e8re d\u2019entrepreneuriat jeunesse. \u00c0 titre d\u2019organisme caritatif d\u2019envergure nationale, elle a pour mission de contribuer \u00e0 la croissance de l\u2019\u00e9conomie canadienne, un jeune entrepreneur \u00e0 la fois. Elle mise sur la personnalit\u00e9 et non sur les garanties lorsqu\u2019elle accorde \u00e0 ses jeunes, \u00e2g\u00e9s de 18 \u00e0 34 ans, un accompagnement de pr\u00e9d\u00e9marrage, des ressources d\u2019affaires, du financement de d\u00e9marrage et du mentorat pour qu\u2019ils puissent mettre sur pied leurs entreprises et en assurer le succ\u00e8s durable. www.fcje.ca<\/p>\n\n\n\n<p><strong>Pour plus de renseignements ou pour faire une demande de photos : <\/strong><\/p>\n\n\n\n<p><strong>Contact m\u00e9dias FCJE :<br>\n<\/strong>Jos\u00e9e Cusson<br>\nDirectrice des op\u00e9rations, Qu\u00e9bec<br>\nCourriel : jcusson@fcje.ca<br>\nT\u00e9l. : 514.225.7035, poste 4002<\/p>\n\n\n\n<p><strong>Contact m\u00e9dias FCEI :<br>\n<\/strong>Gisele Lumsden<br>\nG\u00e9rante des affaires publiques<br>\nCourriel : <a href=\"mailto:affaires.publiques@fcei.ca\">affaires.publiques@fcei.ca<\/a><br>\nT\u00e9l. : 416 222-8022 (poste 268)<br>\nCell. : 647 808-5769<\/p>\n","protected":false},"excerpt":{"rendered":"<p>Pleins feux sur l\u2019entrepreneuriat La FCEI, la FCJE et le ministre de la Petite entreprise f\u00eatent les entrepreneurs canadiens Toronto, le 17 novembre 2011 \u2013 Ce soir, la Fondation canadienne des jeunes entrepreneurs (FCJE) et la F\u00e9d\u00e9ration canadienne de l\u2019entreprise ind\u00e9pendante (FCEI) c\u00e9l\u00e8breront les chefs d\u2019entreprise et l\u2019Ann\u00e9e de l\u2019entrepreneur lors d\u2019un \u00e9v\u00e9nement sp\u00e9cial qui [&hellip;]<\/p>\n","protected":false},"template":"","press_category":[],"class_list":["post-6420","press_release","type-press_release","status-publish","hentry"],"acf":[],"_links":{"self":[{"href":"https:\/\/futurpreneur.ca\/fr\/wp-json\/wp\/v2\/press_release\/6420","targetHints":{"allow":["GET"]}}],"collection":[{"href":"https:\/\/futurpreneur.ca\/fr\/wp-json\/wp\/v2\/press_release"}],"about":[{"href":"https:\/\/futurpreneur.ca\/fr\/wp-json\/wp\/v2\/types\/press_release"}],"version-history":[{"count":0,"href":"https:\/\/futurpreneur.ca\/fr\/wp-json\/wp\/v2\/press_release\/6420\/revisions"}],"wp:attachment":[{"href":"https:\/\/futurpreneur.ca\/fr\/wp-json\/wp\/v2\/media?parent=6420"}],"wp:term":[{"taxonomy":"press_category","embeddable":true,"href":"https:\/\/futurpreneur.ca\/fr\/wp-json\/wp\/v2\/press_category?post=6420"}],"curies":[{"name":"wp","href":"https:\/\/api.w.org\/{rel}","templated":true}]}}