{"id":6435,"date":"2011-10-17T21:11:07","date_gmt":"2011-10-18T01:11:07","guid":{"rendered":"https:\/\/futurpreneur.ca\/press_release\/le-gouvernement-du-nouveau-brunswick-designe-2011-comme-etant-lannee-de-lentrepreneur\/"},"modified":"2024-03-04T10:21:42","modified_gmt":"2024-03-04T15:21:42","slug":"le-gouvernement-du-nouveau-brunswick-designe-2011-comme-etant-lannee-de-lentrepreneur","status":"publish","type":"press_release","link":"https:\/\/futurpreneur.ca\/fr\/press_release\/le-gouvernement-du-nouveau-brunswick-designe-2011-comme-etant-lannee-de-lentrepreneur\/","title":{"rendered":"Le gouvernement du Nouveau-Brunswick d\u00e9signe 2011 comme \u00e9tant l\u2019Ann\u00e9e de l\u2019entrepreneur"},"content":{"rendered":"\n<p><strong>Lam\u00e8que (Nouveau-Brunswick), le 17 octobre&nbsp;2011 \u2013 <\/strong>Le gouvernement du Nouveau-Brunswick a donn\u00e9 le coup d\u2019envoi \u00e0 la Semaine de la PME en se joignant \u00e0 d\u2019autres r\u00e9gions canadiennes pour souligner l\u2019importance des entrepreneurs de la province en d\u00e9signant 2011 comme \u00e9tant l\u2019Ann\u00e9e de l\u2019entrepreneur au Nouveau-Brunswick.<\/p>\n\n\n\n<p>Le gouvernement du Canada a adopt\u00e9 en d\u00e9but d\u2019ann\u00e9e une recommandation voulant que cette initiative soit reprise \u00e0 l\u2019\u00e9chelle nationale. La F\u00e9d\u00e9ration canadienne de l\u2019entreprise ind\u00e9pendante&nbsp;(FCEI), qui c\u00e9l\u00e8bre son 40<sup>e<\/sup>&nbsp;anniversaire, et la Fondation Canadienne des Jeunes Entrepreneurs&nbsp;(FCJE), qui f\u00eate, elle, son 15<sup>e<\/sup>&nbsp;anniversaire, ont pr\u00e9sent\u00e9 une proposition conjointe \u00e0 cet \u00e9gard. Paul Robichaud, le vice-premier ministre a fait cette d\u00e9claration lors de la c\u00e9l\u00e9bration du 40<sup>e<\/sup> anniversaire de la FCEI qui a eu lieu aujourd\u2019hui \u00e0 Lam\u00e8que, au Nouveau-Brunswick.<\/p>\n\n\n\n<p>\u00ab&nbsp;L\u2019entrepreneuriat est essentiel \u00e0 la sant\u00e9 et \u00e0 la viabilit\u00e9 de l\u2019\u00e9conomie locale&nbsp;\u00bb, d\u00e9clare Richard&nbsp;Dunn, analyste des politiques \u00e0 la FCEI pour le Nouveau-Brunswick. \u00ab&nbsp;Nous esp\u00e9rons que cette annonce sera une bonne occasion de saluer les entrepreneurs pour la contribution qu\u2019ils apportent \u00e0 leurs collectivit\u00e9s, et qu\u2019elle encouragera le gouvernement \u00e0 bien orienter ses initiatives politiques dans l\u2019objectif de soutenir les entreprises locales.&nbsp;\u00bb<\/p>\n\n\n\n<p>\u00ab&nbsp;La Fondation Canadienne des Jeunes Entrepreneurs (FCJE) est ravie du fait que le gouvernement du Nouveau-Brunswick fait preuve de son engagement envers l\u2019entrepreneuriat en d\u00e9signant 2011 comme l\u2019Ann\u00e9e de l\u2019entrepreneur&nbsp;\u00bb, d\u00e9clare Nicole Smith, directrice de la FCJE pour la r\u00e9gion de l\u2019Atlantique. \u00ab&nbsp;Les entrepreneurs sont le moteur de la prosp\u00e9rit\u00e9 \u00e9conomique, de la cr\u00e9ation d\u2019emplois et de l\u2019innovation non seulement dans cette province mais aussi dans tout le Canada. En favorisant l\u2019entrepreneuriat et en augmentant sa visibilit\u00e9 au Nouveau-Brunswick, on ouvrira la voie \u00e0 la prochaine g\u00e9n\u00e9ration des entrepreneurs.&nbsp;\u00bb<\/p>\n\n\n\n<p>La FCEI a signal\u00e9 que la r\u00e9duction du taux d\u2019imposition des petites entreprises, mise en \u0153uvre cette ann\u00e9e, est une excellente mesure pour cr\u00e9er un environnement favorable aux entreprises. M.&nbsp;Dunn esp\u00e8re que le gouvernement profitera de l\u2019Ann\u00e9e de l\u2019entrepreneur pour lancer une initiative officielle visant \u00e0 all\u00e9ger le fardeau r\u00e9glementaire et \u00e0 permettre aux propri\u00e9taires d\u2019entreprise de se conformer plus facilement \u00e0 la liste croissante de lois et de r\u00e8glements.<\/p>\n\n\n\n<p>\u00ab&nbsp;Une politique publique efficace peut grandement favoriser les collectivit\u00e9s entrepreneuriales, poursuit M.&nbsp;Dunn. La d\u00e9claration d\u2019aujourd\u2019hui faisant de 2011 l\u2019Ann\u00e9e de l\u2019entrepreneur est un pas important. La FCEI entend veiller \u00e0 ce que le gouvernement cr\u00e9e cette ann\u00e9e des initiatives qui encourageront l\u2019essor de l\u2019entrepreneuriat au Nouveau-Brunswick.&nbsp;\u00bb<\/p>\n\n\n\n<p>Les petites et moyennes entreprises repr\u00e9sentent plus de 97&nbsp;% des entreprises de la province et emploient 52&nbsp;% de tous les travailleurs du Nouveau-Brunswick. Elles soutiennent de nombreux organismes de bienfaisance et de multiples \u00e9quipes sportives de la r\u00e9gion. L\u2019avenir du Nouveau-Brunswick repose sur l\u2019apport continu des entrepreneurs.<\/p>\n\n\n\n<p><strong>Pour de plus amples renseignements, veuillez contacter le bureau de la FCEI au Nouveau-Brunswick au 506&nbsp;855-2526 ou par courriel \u00e0 <a href=\"mailto:affaires.publiques@fcei.ca\">affaires.publiques@fcei.ca<\/a>.<\/strong><\/p>\n\n\n\n<p><em>En qualit\u00e9 du plus grand groupement de petites et moyennes entreprises du Canada, la FCEI repr\u00e9sente Le pouvoir des entrepreneurs<sup>MD<\/sup>. Cr\u00e9\u00e9e en 1971, la FCEI d\u00e9finit ses positions selon le point de vue de plus de 108&nbsp;000&nbsp;membres au pays et provenant de tous les secteurs. Elle procure aux dirigeants de PME une voix forte et convaincante \u00e0 tous les ordres de gouvernement et contribue \u00e0 l\u2019essor \u00e9conomique.<\/em><\/p>\n","protected":false},"excerpt":{"rendered":"<p>Lam\u00e8que (Nouveau-Brunswick), le 17 octobre&nbsp;2011 \u2013 Le gouvernement du Nouveau-Brunswick a donn\u00e9 le coup d\u2019envoi \u00e0 la Semaine de la PME en se joignant \u00e0 d\u2019autres r\u00e9gions canadiennes pour souligner l\u2019importance des entrepreneurs de la province en d\u00e9signant 2011 comme \u00e9tant l\u2019Ann\u00e9e de l\u2019entrepreneur au Nouveau-Brunswick. Le gouvernement du Canada a adopt\u00e9 en d\u00e9but d\u2019ann\u00e9e [&hellip;]<\/p>\n","protected":false},"template":"","press_category":[],"class_list":["post-6435","press_release","type-press_release","status-publish","hentry"],"acf":[],"_links":{"self":[{"href":"https:\/\/futurpreneur.ca\/fr\/wp-json\/wp\/v2\/press_release\/6435","targetHints":{"allow":["GET"]}}],"collection":[{"href":"https:\/\/futurpreneur.ca\/fr\/wp-json\/wp\/v2\/press_release"}],"about":[{"href":"https:\/\/futurpreneur.ca\/fr\/wp-json\/wp\/v2\/types\/press_release"}],"version-history":[{"count":0,"href":"https:\/\/futurpreneur.ca\/fr\/wp-json\/wp\/v2\/press_release\/6435\/revisions"}],"wp:attachment":[{"href":"https:\/\/futurpreneur.ca\/fr\/wp-json\/wp\/v2\/media?parent=6435"}],"wp:term":[{"taxonomy":"press_category","embeddable":true,"href":"https:\/\/futurpreneur.ca\/fr\/wp-json\/wp\/v2\/press_category?post=6435"}],"curies":[{"name":"wp","href":"https:\/\/api.w.org\/{rel}","templated":true}]}}